{"id":88,"date":"2011-07-02T13:10:39","date_gmt":"2011-07-02T18:10:39","guid":{"rendered":"http:\/\/blog.espol.edu.ec\/dlucero\/?p=88"},"modified":"2011-07-02T13:10:39","modified_gmt":"2011-07-02T18:10:39","slug":"machaca-las-calorias-el-simple-hecho-de-pensar-en-entrenar-puede-hacer-que-comas-mas-acaba-con-esas-calorias-extra-con-estos-consejos","status":"publish","type":"post","link":"https:\/\/blog.espol.edu.ec\/dlucero\/2011\/07\/02\/machaca-las-calorias-el-simple-hecho-de-pensar-en-entrenar-puede-hacer-que-comas-mas-acaba-con-esas-calorias-extra-con-estos-consejos\/","title":{"rendered":"Machaca las calor\u00edas  El simple hecho de pensar en entrenar puede hacer que comas m\u00e1s. Acaba con esas calor\u00edas extra con estos consejos."},"content":{"rendered":"<p>El poder de las prote\u00ednas<\/p>\n<p>El suero y la case\u00edna en polvo podr\u00edan ser tus armas secretas en la p\u00e9rdida de peso, disparando la quema de calor\u00edas durante varias horas. Un nuevo estudio suizo averigu\u00f3 que el suero de leche comporta el mayor aceler\u00f3n, mientras que la case\u00edna resulta m\u00e1s \u00fatil para retrasar el hambre. Prueba a mezclar los polvos con leche, ya que el 80% de las prote\u00ednas de la leche son case\u00edna.<br \/>\nPierde m\u00e1s despacio<\/p>\n<p>Si pierdes peso demasiado r\u00e1pido, tambi\u00e9n pierdes el m\u00fasculo. Un estudio noruego apunta a que el ritmo ideal para perder peso es de 0,5 kilos semanales. Los atletas varones que perdieron 0,5 kilos a la semana generaron masa muscular magra, pero no as\u00ed los que perdieron casi 1 kilo semanal.<br \/>\nAire limpio, cintura m\u00e1s fina<\/p>\n<p>El aire sucio podr\u00eda afectar a tu dieta. Esto afirman los investigadores de la Univesidad estatal de Ohio (EE.UU.), que expusieron a un grupo de ratones a contaminaci\u00f3n ambiental y observaron un aumento de grasa abdominal, del az\u00facar y una mayor insulinoresistencia que la de aquellos ratones que repiraban aire limpio.<\/p>\n<p><a href=\"http:\/\/blog.espol.edu.ec\/dlucero\/files\/2011\/07\/116-quemar-calorias.jpg\"><img loading=\"lazy\" decoding=\"async\" src=\"http:\/\/blog.espol.edu.ec\/dlucero\/files\/2011\/07\/116-quemar-calorias.jpg\" alt=\"\" title=\"116-quemar-calorias\" width=\"250\" height=\"190\" class=\"alignleft size-full wp-image-89\" \/><\/a><\/p>\n","protected":false},"excerpt":{"rendered":"<p>El poder de las prote\u00ednas El suero y la case\u00edna en polvo podr\u00edan ser tus armas secretas en la p\u00e9rdida de peso, disparando la quema de calor\u00edas durante varias horas. Un nuevo estudio suizo averigu\u00f3 que el suero de leche comporta el mayor aceler\u00f3n, mientras que la case\u00edna resulta m\u00e1s \u00fatil para retrasar el hambre. [&hellip;]<\/p>\n","protected":false},"author":6366,"featured_media":0,"comment_status":"open","ping_status":"open","sticky":false,"template":"","format":"standard","meta":{"footnotes":""},"categories":[2738],"tags":[],"class_list":["post-88","post","type-post","status-publish","format-standard","hentry","category-salud"],"_links":{"self":[{"href":"https:\/\/blog.espol.edu.ec\/dlucero\/wp-json\/wp\/v2\/posts\/88","targetHints":{"allow":["GET"]}}],"collection":[{"href":"https:\/\/blog.espol.edu.ec\/dlucero\/wp-json\/wp\/v2\/posts"}],"about":[{"href":"https:\/\/blog.espol.edu.ec\/dlucero\/wp-json\/wp\/v2\/types\/post"}],"author":[{"embeddable":true,"href":"https:\/\/blog.espol.edu.ec\/dlucero\/wp-json\/wp\/v2\/users\/6366"}],"replies":[{"embeddable":true,"href":"https:\/\/blog.espol.edu.ec\/dlucero\/wp-json\/wp\/v2\/comments?post=88"}],"version-history":[{"count":1,"href":"https:\/\/blog.espol.edu.ec\/dlucero\/wp-json\/wp\/v2\/posts\/88\/revisions"}],"predecessor-version":[{"id":90,"href":"https:\/\/blog.espol.edu.ec\/dlucero\/wp-json\/wp\/v2\/posts\/88\/revisions\/90"}],"wp:attachment":[{"href":"https:\/\/blog.espol.edu.ec\/dlucero\/wp-json\/wp\/v2\/media?parent=88"}],"wp:term":[{"taxonomy":"category","embeddable":true,"href":"https:\/\/blog.espol.edu.ec\/dlucero\/wp-json\/wp\/v2\/categories?post=88"},{"taxonomy":"post_tag","embeddable":true,"href":"https:\/\/blog.espol.edu.ec\/dlucero\/wp-json\/wp\/v2\/tags?post=88"}],"curies":[{"name":"wp","href":"https:\/\/api.w.org\/{rel}","templated":true}]}}