{"id":32,"date":"2013-05-22T02:39:20","date_gmt":"2013-05-22T02:39:20","guid":{"rendered":"http:\/\/blog.espol.edu.ec\/dmfernan\/?p=32"},"modified":"2013-05-22T02:40:15","modified_gmt":"2013-05-22T02:40:15","slug":"historia-del-museo-municipal-de-guayaquil","status":"publish","type":"post","link":"https:\/\/blog.espol.edu.ec\/dmfernan\/2013\/05\/22\/historia-del-museo-municipal-de-guayaquil\/","title":{"rendered":"HISTORIA DEL PRIMER MUSEO DEL ECUADOR \"EL MUSEO MUNICIPAL DE GUAYAQUIL\""},"content":{"rendered":"<p>El 15 de septiembre de 1908, don Armando Pareja Coronel, a la saz\u00f3n presidente del Ilustre Concejo Cantonal, propuso la creaci\u00f3n de un museo hist\u00f3rico, dando de este modo pie para la transformaci\u00f3n del antiguo Museo Industrial. La propuesta dio origen a una Ordenanza que definir\u00eda, entre otras cosas, el establecimiento de una secci\u00f3n dedicada a la Historia Patria y, otra, el establecimiento de una secci\u00f3n dedicada a la Historia Patria y, otra, a las Ciencias y a las Artes, as\u00ed como la responsabilidad del Director de la Biblioteca para con el nuevo Museo al que le tocar\u00eda dirigir tambi\u00e9n, la Ordenanza, dictada el 16 de diciembre de 1908, dispon\u00eda al final de su articulado, que se inaugurar\u00e1 esta nueva dependencia el 10 de agosto de 1909 como parte de las festividades a realizarse en conmemoraci\u00f3n del centenario del\" Primer Grito de la Independencia\". El evento se realiz\u00f3 la noche del 9 de agosto en una muy concurrida y lucida ceremonia en la que todos los invitados pudieron observar m\u00e1s de 1.000 piezas perfectamente clasificadas y expuestas en vitrinas dise\u00f1adas para el efecto; distribuidas en secciones tales como la Arqueol\u00f3gica, Colonial, Numism\u00e1tica, de Historia Nacional y de Historia Natural. Todo el trabajo de clasificaci\u00f3n, organizaci\u00f3n y montaje corri\u00f3 a cargo del director de la Biblioteca Municipal, Sr. Don Camilo Destruge lllingworth, quien a partir de esa fecha pasar\u00eda a ser el primer director del museo ya como Museo Municipal.<\/p>\n<p>Aunque el Museo ha estado en constante transformaci\u00f3n desde su nacimiento, a finales de 1999 es cuando se convierte en un museo hist\u00f3rico con salas que cuentan la evoluci\u00f3n de la ciudad por \u00e9pocas.<\/p>\n<p><a title=\"Antigua Biblioteca - Museo\" href=\"http:\/\/museodeguayaquil.com\/images\/stories\/contenido\/big\/biblioteca-vieja.jpg\" rel=\"lightbox\"><img loading=\"lazy\" decoding=\"async\" src=\"http:\/\/museodeguayaquil.com\/images\/stories\/contenido\/biblioteca-vieja.png\" alt=\"Antiguo edificio\" width=\"440\" height=\"311\" border=\"0\" \/><\/a><\/p>\n<p>1.- El escultor portugu\u00e9s Ra\u00fal Mar\u00eda Pereira construy\u00f3 el palacio que acogi\u00f3 a la Biblioteca y el Museo, y que fue inaugurado en 1916, pero debido a fallas en su construcci\u00f3n fue demolido en 1938.<\/p>\n<p>2- Las antiguas salas conservaban las sillas Mante\u00f1o-Huancavilca.<\/p>\n<p>3.- Las piezas prehisp\u00e1nicas se han mantenido en exposici\u00f3n permanente a trav\u00e9s de los a\u00f1os.<\/p>\n<p>4.- De las antiguas vitrinas, las de forma octogonal son las \u00fanicas que se conservan.<\/p>\n<p>5.- Se construye el edificio principal del Museo en 1968 y se encarga al artista Jorge Swett la elaboraci\u00f3n de un mural para su fachada.<\/p>\n<p>6.- La Sala Prehisp\u00e1nica cuenta a los visitantes el desarrollo de las culturas de la Costa.<\/p>\n<p>7.- Las sillas Mante\u00f1o-Huancavilca ocupan un lugar especial en la sala Prehisp\u00e1nica.<\/p>\n<p>8.- La vitrina que acoge los cilicios en la sala de Arte Sacro es la \u00fanica que se conserva desde la \u00e9poca del antiguo palacio Bibliotecario Museo.<\/p>\n<table border=\"0\">\n<tbody>\n<tr>\n<td rowspan=\"3\"><img loading=\"lazy\" decoding=\"async\" src=\"http:\/\/museodeguayaquil.com\/images\/stories\/contenido\/sala_museo1.jpg\" alt=\"\" width=\"700\" height=\"500\" border=\"0\" \/>Foto \u201cEl Ecuador en el Centenario de su Independencia\u201d, 1920.\u00a0 Donde se observa la estatua de piedra a la derecha y el incensario\u00a0 en el centro de la sala.<\/td>\n<td><\/td>\n<td><a title=\"Incensario de piedra, cultura Mante\u00f1o - Huancavilca\" href=\"http:\/\/museodeguayaquil.com\/images\/stories\/contenido\/big\/incensario.jpg\" rel=\"lightbox\"><img loading=\"lazy\" decoding=\"async\" src=\"http:\/\/museodeguayaquil.com\/images\/stories\/contenido\/incensario_de_piedra.jpg\" alt=\"\" width=\"165\" height=\"210\" border=\"0\" \/><\/a><\/td>\n<td><\/td>\n<\/tr>\n<tr>\n<td><\/td>\n<td>Incensario de piedra, Cultura Mante\u00f1o - Huancavilca<\/td>\n<td><\/td>\n<\/tr>\n<tr>\n<td><\/td>\n<td><a title=\"\u00cddolo de piedra de la tribu de los Colonches, Santa Elena. Gaceta Municipal, Guayaquil, agosto de 1909\" href=\"http:\/\/museodeguayaquil.com\/images\/stories\/contenido\/big\/mujer-de-juntasss.jpg\" rel=\"lightbox\"><img loading=\"lazy\" decoding=\"async\" src=\"http:\/\/museodeguayaquil.com\/images\/stories\/contenido\/mujer-de-juntasss.jpg\" alt=\"\" width=\"170\" height=\"320\" border=\"0\" \/><\/a><\/td>\n<td><\/td>\n<\/tr>\n<tr>\n<td colspan=\"3\">\u201c\u00cddolo de piedra de la tribu de los Colonches, Santa Elena\u201d Gaceta Municipal, Guayaquil, agosto de 1909<\/td>\n<td><\/td>\n<\/tr>\n<tr>\n<td><\/td>\n<td><\/td>\n<td><\/td>\n<td><\/td>\n<\/tr>\n<\/tbody>\n<\/table>\n<table border=\"0\">\n<tbody>\n<tr>\n<td><img loading=\"lazy\" decoding=\"async\" src=\"http:\/\/museodeguayaquil.com\/images\/stories\/contenido\/seccion_arquelogica.jpg\" alt=\"Secci\u00f3n Arquel\u00f3gica\" width=\"700\" height=\"410\" border=\"0\" \/><\/td>\n<td><a title=\"Figura Masculina Mante\u00f1o - Huancavilca \" href=\"http:\/\/museodeguayaquil.com\/images\/stories\/contenido\/big\/figura-masculina.jpg\" rel=\"lightbox\"><img loading=\"lazy\" decoding=\"async\" src=\"http:\/\/museodeguayaquil.com\/images\/stories\/contenido\/figura-masculina.jpg\" alt=\"Figura masculina Mante\u00f1o - Huancavilca\" width=\"180\" height=\"320\" border=\"0\" \/><\/a><\/td>\n<\/tr>\n<\/tbody>\n<\/table>\n<p>\"Museo Municipal - Secci\u00f3n Arquel\u00f3gica\". Gaceta Municupal Guayaquil, agosto 25 de 1909. Se puede apreciar a la izquierda el monolito de piedra antromorfo que se exhibe en nuestro\u00a0 museo desde su\u00a0inauguraci\u00f3n.<\/p>\n<table border=\"0\">\n<tbody>\n<tr>\n<td><a title=\"Silla Mante\u00f1o - Huancavilca, en el Museo Municipal\" href=\"http:\/\/museodeguayaquil.com\/images\/stories\/contenido\/big\/silla_mateno.jpg\" rel=\"lightbox\"><img loading=\"lazy\" decoding=\"async\" src=\"http:\/\/museodeguayaquil.com\/images\/stories\/contenido\/silla_manteno.jpg\" alt=\"\" width=\"204\" height=\"205\" border=\"0\" \/><\/a><\/td>\n<td><\/td>\n<td rowspan=\"4\"><img loading=\"lazy\" decoding=\"async\" src=\"http:\/\/museodeguayaquil.com\/images\/stories\/contenido\/sala_museo2.jpg\" alt=\"\" width=\"430\" height=\"580\" border=\"0\" \/>\u201cGu\u00eda Comercial Agr\u00edcola e Industrial del Ecuador\u201d, 1909. A lado izquierdo de la im\u00e1gen se puede apreciar la silla de piedra en forma de \u201cU\u201d Mante\u00f1o - Huancavilca<\/td>\n<\/tr>\n<tr>\n<td>Silla Mante\u00f1o - Huancavilca,\u00a0 en el Museo Municipal<\/td>\n<td><\/td>\n<\/tr>\n<tr>\n<td><a title=\"Busto en bronce del Gral. Antonio Jos\u00e9 de Sucre, que se puede apreciar en la foto inferior derecha,  en la inauguraci\u00f3n del Museo Municipal\" href=\"http:\/\/museodeguayaquil.com\/images\/stories\/contenido\/big\/busto_bolivar.jpg\" rel=\"lightbox\"><img loading=\"lazy\" decoding=\"async\" src=\"http:\/\/museodeguayaquil.com\/images\/stories\/contenido\/busto_bolivar.jpg\" alt=\"\" width=\"238\" height=\"320\" border=\"0\" \/><\/a><\/td>\n<td><\/td>\n<\/tr>\n<tr>\n<td>Busto en bronce del Gral. Antonio Jos\u00e9 de Sucre, que se puede apreciar en la foto inferior derecha,\u00a0 en la inauguraci\u00f3n del Museo Municipal<\/td>\n<td><\/td>\n<\/tr>\n<\/tbody>\n<\/table>\n<p>&nbsp;<\/p>\n<table border=\"0\">\n<tbody>\n<tr>\n<td><a title=\"Una de las dos vitrinas octogonales que se a\u00fan conservan en el Museo Municipal desde su inauguraci\u00f3n\" href=\"http:\/\/museodeguayaquil.com\/images\/stories\/contenido\/big\/vitrina_octagonal.jpg\" rel=\"lightbox\"><img loading=\"lazy\" decoding=\"async\" src=\"http:\/\/museodeguayaquil.com\/images\/stories\/contenido\/vitrina_octagonal.jpg\" alt=\"\" width=\"290\" height=\"400\" border=\"0\" \/><\/a><\/td>\n<td><\/td>\n<td><img loading=\"lazy\" decoding=\"async\" src=\"http:\/\/museodeguayaquil.com\/images\/stories\/contenido\/sala_museo3.jpg\" alt=\"\" width=\"600\" height=\"425\" border=\"0\" \/><\/td>\n<\/tr>\n<tr>\n<td>Una de las dos vitrinas octogonales que \u00a0 se a\u00fan conservan en el Museo Municipal\u00a0 desde su inauguraci\u00f3n<\/td>\n<td><\/td>\n<td>\u201cMuseo Municipal - Secci\u00f3n Historia y parte de la Art\u00edstica\u201d Gaceta Municipal, Guayaquil agosto 1909<\/td>\n<\/tr>\n<\/tbody>\n<\/table>\n","protected":false},"excerpt":{"rendered":"<p>El 15 de septiembre de 1908, don Armando Pareja Coronel, a la saz\u00f3n presidente del Ilustre Concejo Cantonal, propuso la creaci\u00f3n de un museo hist\u00f3rico, dando de este modo pie para la transformaci\u00f3n del antiguo Museo Industrial. La propuesta dio origen a una Ordenanza que definir\u00eda, entre otras cosas, el establecimiento de una secci\u00f3n dedicada [&hellip;]<\/p>\n","protected":false},"author":8433,"featured_media":0,"comment_status":"open","ping_status":"open","sticky":false,"template":"","format":"standard","meta":{"footnotes":""},"categories":[818],"tags":[],"class_list":["post-32","post","type-post","status-publish","format-standard","hentry","category-sin-categoria"],"_links":{"self":[{"href":"https:\/\/blog.espol.edu.ec\/dmfernan\/wp-json\/wp\/v2\/posts\/32","targetHints":{"allow":["GET"]}}],"collection":[{"href":"https:\/\/blog.espol.edu.ec\/dmfernan\/wp-json\/wp\/v2\/posts"}],"about":[{"href":"https:\/\/blog.espol.edu.ec\/dmfernan\/wp-json\/wp\/v2\/types\/post"}],"author":[{"embeddable":true,"href":"https:\/\/blog.espol.edu.ec\/dmfernan\/wp-json\/wp\/v2\/users\/8433"}],"replies":[{"embeddable":true,"href":"https:\/\/blog.espol.edu.ec\/dmfernan\/wp-json\/wp\/v2\/comments?post=32"}],"version-history":[{"count":2,"href":"https:\/\/blog.espol.edu.ec\/dmfernan\/wp-json\/wp\/v2\/posts\/32\/revisions"}],"predecessor-version":[{"id":34,"href":"https:\/\/blog.espol.edu.ec\/dmfernan\/wp-json\/wp\/v2\/posts\/32\/revisions\/34"}],"wp:attachment":[{"href":"https:\/\/blog.espol.edu.ec\/dmfernan\/wp-json\/wp\/v2\/media?parent=32"}],"wp:term":[{"taxonomy":"category","embeddable":true,"href":"https:\/\/blog.espol.edu.ec\/dmfernan\/wp-json\/wp\/v2\/categories?post=32"},{"taxonomy":"post_tag","embeddable":true,"href":"https:\/\/blog.espol.edu.ec\/dmfernan\/wp-json\/wp\/v2\/tags?post=32"}],"curies":[{"name":"wp","href":"https:\/\/api.w.org\/{rel}","templated":true}]}}