{"id":131,"date":"2009-01-21T13:40:49","date_gmt":"2009-01-21T17:40:49","guid":{"rendered":"http:\/\/blog.espol.edu.ec\/dobaco\/?p=131"},"modified":"2009-01-21T13:41:33","modified_gmt":"2009-01-21T17:41:33","slug":"%c2%bfpor-que-gustan-tanto-las-redes-sociales","status":"publish","type":"post","link":"https:\/\/blog.espol.edu.ec\/dobaco\/2009\/01\/21\/%c2%bfpor-que-gustan-tanto-las-redes-sociales\/","title":{"rendered":"\u00bfPor qu\u00e9 gustan tanto las redes sociales?"},"content":{"rendered":"<p>El motivo principal para abrirse un perfil en una red social es autopromocionarse y mantener el contacto, aunque hay quien s\u00f3lo lo hace para cotillear en la informaci\u00f3n de los dem\u00e1s.<\/p>\n<p style=\"text-align: justify\"><a href=\"http:\/\/blog.espol.edu.ec\/dobaco\/files\/2009\/01\/sw.jpg\"><img loading=\"lazy\" decoding=\"async\" class=\"alignright size-medium wp-image-132\" src=\"http:\/\/blog.espol.edu.ec\/dobaco\/files\/2009\/01\/sw.jpg\" alt=\"\" width=\"300\" height=\"250\" \/><\/a><\/p>\n<p style=\"text-align: justify\">Un estudio de la consultora <a href=\"http:\/\/www.bestrelations.es\/html\/inter_en.html\" target=\"_blank\">Best Relations<\/a> ha analizado los motivos por los que los internautas tienen perfiles en las redes sociales, indicando los distintos tipos de usuarios en funci\u00f3n del uso que hacen de estas herramientas.<\/p>\n<p style=\"text-align: justify\">De los datos se desprende que los principales motivos son la autopromoci\u00f3n y la voluntad por mantener el contacto con los amigos y familiares. Seguido, se encuentra las ganas de conocer gente nueva, divertirse y descargar fotos y archivos de los grupos.<\/p>\n<p class=\"MsoNormal\" style=\"margin: 0cm 0cm 10pt\">\u00a0<\/p>\n<p class=\"MsoNormal\" style=\"margin: 0cm 0cm 10pt;text-align: justify\"><span style=\"font-size: 9.5pt;font-family: &quot;Verdana&quot;,&quot;sans-serif&amp;quot\">La consultora indica que la aceptaci\u00f3n de las redes sociales ha ido creciendo desde 2003, hasta convertirse en una herramienta de comunicaci\u00f3n imprescindible, sobre todo entre los j\u00f3venes. De hecho, a pesar de ser consideradas por algunos como un medio impersonal, lo cierto es que \u201ccrea emociones reales e intensas que provocan un enganche emocional en los usuarios\u201d, dice informe.<\/span><\/p>\n<p style=\"text-align: justify\">\n<div style=\"text-align: justify\"><\/div>\n<p><span style=\"font-size: 9.5pt;font-family: &quot;Verdana&quot;,&quot;sans-serif&amp;quot\"><\/p>\n<p class=\"MsoNormal\" style=\"margin: 0cm 0cm 10pt;text-align: justify\"><span style=\"font-size: 9.5pt;font-family: &quot;Verdana&quot;,&quot;sans-serif&amp;quot\">Son una especie de Gran Hermano virtual, donde se meza el papel del concursante y espectador\u201d, ha dicho Ignacio Venderll, de Best Relations, comparando el auge de las redes sociales, con un \"reality show en Internet\u201d.<\/span><\/p>\n<p>\u00a0<\/p>\n<p><\/span>\n<\/p>\n<p class=\"MsoNormal\" style=\"margin: 0cm 0cm 10pt;text-align: justify\">\u00a0<\/p>\n<p style=\"text-align: justify\">\n<div style=\"text-align: justify\"><\/div>\n<p><span style=\"font-size: 9.5pt;font-family: &quot;Verdana&quot;,&quot;sans-serif&amp;quot\"><\/p>\n<p class=\"MsoNormal\" style=\"margin: 0cm 0cm 10pt;text-align: justify\"><strong><span style=\"font-size: 9.5pt;font-family: &quot;Verdana&quot;,&quot;sans-serif&amp;quot\">Para gustos, colores<\/span><\/strong><span style=\"font-size: 9.5pt;font-family: &quot;Verdana&quot;,&quot;sans-serif&amp;quot\"><br \/>\nEl estudio ha fijado distintos tipos de perfiles, en funci\u00f3n del uso que hacen de las redes sociales los propios internautas.<\/span>\n<\/p>\n<p class=\"MsoNormal\" style=\"margin: 0cm 0cm 10pt;text-align: justify\"><span style=\"font-size: 9.5pt;font-family: &quot;Verdana&quot;,&quot;sans-serif&amp;quot\">La \u2018<\/span><em><span style=\"font-size: 9.5pt;font-family: &quot;Verdana&quot;,&quot;sans-serif&amp;quot\">Generaci\u00f3n Yo S.L<\/span><\/em><span style=\"font-size: 9.5pt;font-family: &quot;Verdana&quot;,&quot;sans-serif&amp;quot\">\u2019 incluye a un grupo de j\u00f3venes de 18 a 30 a\u00f1os que utiliza mucho Internet y las redes sociales como escaparate de exhibicionismo. \u201cPero no para mostrarse a s\u00ed mismos, sino para buscar el reconocimiento de los dem\u00e1s por lo que uno mismo es\".<\/span><\/p>\n<p class=\"MsoNormal\" style=\"margin: 0cm 0cm 10pt;text-align: justify\"><span style=\"font-size: 9.5pt;font-family: &quot;Verdana&quot;,&quot;sans-serif&amp;quot\">Los '<\/span><em><span style=\"font-size: 9.5pt;font-family: &quot;Verdana&quot;,&quot;sans-serif&amp;quot\">famosos<\/span><\/em><span style=\"font-size: 9.5pt;font-family: &quot;Verdana&quot;,&quot;sans-serif&amp;quot\">\u2019 son perfiles de gente conocida, que, aunque normalmente no est\u00e1n gestionados por las propias celebridades, son muy activos y con muchos contactos e interacci\u00f3n con ellos.<\/span><\/p>\n<p class=\"MsoNormal\" style=\"margin: 0cm 0cm 10pt;text-align: justify\"><span style=\"font-size: 9.5pt;font-family: &quot;Verdana&quot;,&quot;sans-serif&amp;quot\">\u2018<\/span><em><span style=\"font-size: 9.5pt;font-family: &quot;Verdana&quot;,&quot;sans-serif&amp;quot\">Fot\u00f3grafos y artistas<\/span><\/em><span style=\"font-size: 9.5pt;font-family: &quot;Verdana&quot;,&quot;sans-serif&amp;quot\">\u2019, aquellos que utilizan su espacio en la web para promocionar su obra, parecido a los \u2018reporteros y bloggers\u2019, que cuentas sus experiencias, su vida y sus deseos.<\/span><\/p>\n<p class=\"MsoNormal\" style=\"margin: 0cm 0cm 10pt;text-align: justify\"><span style=\"font-size: 9.5pt;font-family: &quot;Verdana&quot;,&quot;sans-serif&amp;quot\">Las \u2018<\/span><em><span style=\"font-size: 9.5pt;font-family: &quot;Verdana&quot;,&quot;sans-serif&amp;quot\">mariposas sociales<\/span><\/em><span style=\"font-size: 9.5pt;font-family: &quot;Verdana&quot;,&quot;sans-serif&amp;quot\">\u2019 son los usuarios que aprovechan las redes para buscar relaciones afectivo-sexuales, dese la simple amistada hasta el flirteo y contacto f\u00edsico.<\/span><\/p>\n<p class=\"MsoNormal\" style=\"margin: 0cm 0cm 10pt;text-align: justify\"><span style=\"font-size: 9.5pt;font-family: &quot;Verdana&quot;,&quot;sans-serif&amp;quot\">Los '<\/span><em><span style=\"font-size: 9.5pt;font-family: &quot;Verdana&quot;,&quot;sans-serif&amp;quot\">viajeros<\/span><\/em><span style=\"font-size: 9.5pt;font-family: &quot;Verdana&quot;,&quot;sans-serif&amp;quot\">' comparten informaci\u00f3n y experiencias de sus viajes, intercambiando datos sobre lugares que visitan y conociendo a gente en las ciudades a las que viajan, totalmente opuestos a los '<\/span><em><span style=\"font-size: 9.5pt;font-family: &quot;Verdana&quot;,&quot;sans-serif&amp;quot\">desconfiados<\/span><\/em><span style=\"font-size: 9.5pt;font-family: &quot;Verdana&quot;,&quot;sans-serif&amp;quot\">', que tienen perfiles poco activos y su red de amigos se reduce a un peque\u00f1o grupo de gente verdaderamente conocida.<\/span><\/p>\n<p class=\"MsoNormal\" style=\"margin: 0cm 0cm 10pt;text-align: justify\"><span style=\"font-size: 9.5pt;font-family: &quot;Verdana&quot;,&quot;sans-serif&amp;quot\">Por \u00faltimo, los '<\/span><em><span style=\"font-size: 9.5pt;font-family: &quot;Verdana&quot;,&quot;sans-serif&amp;quot\">mirones<\/span><\/em><span style=\"font-size: 9.5pt;font-family: &quot;Verdana&quot;,&quot;sans-serif&amp;quot\">', con perfiles casi abandonados, y cuya actividad se limita a cotillear las fotos de los dem\u00e1s, sin interrelacionarse.<\/span><\/p>\n<p class=\"MsoNormal\" style=\"margin: 0cm 0cm 10pt\">\u00a0<\/p>\n<p>\u00a0<\/p>\n<p><\/span><\/p>\n","protected":false},"excerpt":{"rendered":"<p>El motivo principal para abrirse un perfil en una red social es autopromocionarse y mantener el contacto, aunque hay quien s\u00f3lo lo hace para cotillear en la informaci\u00f3n de los dem\u00e1s. Un estudio de la consultora Best Relations ha analizado los motivos por los que los internautas tienen perfiles en las redes sociales, indicando los [&hellip;]<\/p>\n","protected":false},"author":179,"featured_media":0,"comment_status":"open","ping_status":"open","sticky":false,"template":"","format":"standard","meta":{"footnotes":""},"categories":[2703],"tags":[],"class_list":["post-131","post","type-post","status-publish","format-standard","hentry","category-enlaces-dimosk"],"_links":{"self":[{"href":"https:\/\/blog.espol.edu.ec\/dobaco\/wp-json\/wp\/v2\/posts\/131","targetHints":{"allow":["GET"]}}],"collection":[{"href":"https:\/\/blog.espol.edu.ec\/dobaco\/wp-json\/wp\/v2\/posts"}],"about":[{"href":"https:\/\/blog.espol.edu.ec\/dobaco\/wp-json\/wp\/v2\/types\/post"}],"author":[{"embeddable":true,"href":"https:\/\/blog.espol.edu.ec\/dobaco\/wp-json\/wp\/v2\/users\/179"}],"replies":[{"embeddable":true,"href":"https:\/\/blog.espol.edu.ec\/dobaco\/wp-json\/wp\/v2\/comments?post=131"}],"version-history":[{"count":3,"href":"https:\/\/blog.espol.edu.ec\/dobaco\/wp-json\/wp\/v2\/posts\/131\/revisions"}],"predecessor-version":[{"id":135,"href":"https:\/\/blog.espol.edu.ec\/dobaco\/wp-json\/wp\/v2\/posts\/131\/revisions\/135"}],"wp:attachment":[{"href":"https:\/\/blog.espol.edu.ec\/dobaco\/wp-json\/wp\/v2\/media?parent=131"}],"wp:term":[{"taxonomy":"category","embeddable":true,"href":"https:\/\/blog.espol.edu.ec\/dobaco\/wp-json\/wp\/v2\/categories?post=131"},{"taxonomy":"post_tag","embeddable":true,"href":"https:\/\/blog.espol.edu.ec\/dobaco\/wp-json\/wp\/v2\/tags?post=131"}],"curies":[{"name":"wp","href":"https:\/\/api.w.org\/{rel}","templated":true}]}}