{"id":46,"date":"2015-11-05T03:11:27","date_gmt":"2015-11-05T03:11:27","guid":{"rendered":"http:\/\/blog.espol.edu.ec\/drrivera\/?p=46"},"modified":"2015-11-05T03:11:27","modified_gmt":"2015-11-05T03:11:27","slug":"fabrica-textil-imbabura","status":"publish","type":"post","link":"https:\/\/blog.espol.edu.ec\/drrivera\/2015\/11\/05\/fabrica-textil-imbabura\/","title":{"rendered":"F\u00e1brica Textil Imbabura"},"content":{"rendered":"<p><a href=\"http:\/\/blog.espol.edu.ec\/drrivera\/files\/2015\/11\/fabrica-imbabura.jpg\"><img loading=\"lazy\" decoding=\"async\" class=\"size-medium wp-image-47 aligncenter\" src=\"http:\/\/blog.espol.edu.ec\/drrivera\/files\/2015\/11\/fabrica-imbabura-300x200.jpg\" alt=\"fabrica imbabura\" width=\"300\" height=\"200\" srcset=\"https:\/\/blog.espol.edu.ec\/drrivera\/files\/2015\/11\/fabrica-imbabura-300x200.jpg 300w, https:\/\/blog.espol.edu.ec\/drrivera\/files\/2015\/11\/fabrica-imbabura.jpg 1024w\" sizes=\"auto, (max-width: 300px) 100vw, 300px\" \/><\/a><\/p>\n<p>La <a href=\"http:\/\/www.fabricaimbabura.gob.ec\/\" target=\"_blank\">F\u00e1brica Textil Imbabura<\/a> fue uno de los centros industriales que se fund\u00f3 en 1924 en <a href=\"https:\/\/es.wikipedia.org\/wiki\/Atuntaqui\" target=\"_blank\">Atuntaqui<\/a>, se sabe que alrededor de 15 f\u00e1bricas se crearon en todo el Ecuador con la llegada de la industrializaci\u00f3n. Esta f\u00e1brica textil marc\u00f3 definitivamente el futuro de la Provincia de Imbabura con m\u00faltiples aportes a la comunidad, dejando as\u00ed grandes huellas que fomentaron nuestra identidad cultural.<\/p>\n<p>La instalaci\u00f3n de la industria textil en Atuntaqui fue un acontecimiento decisivo que marco el progreso no s\u00f3lo en el \u00e1mbito econ\u00f3mico sino tambi\u00e9n en el \u00e1mbito industrial y social, de la parroquia y de la provincia, ya que de forma directa e indirecta particip\u00f3 en la lucha y en la construcci\u00f3n de un mejor futuro para los Imbabure\u00f1os y consigo para los ecuatorianos.<\/p>\n<p>Desde el cierre definitivo de la f\u00e1brica, su infraestructura y maquinaria qued\u00f3 en el olvido y se fue deteriorando poco a poco, hasta el 2001, a\u00f1o en el cual el Municipio de Antonio Ante, precedido por su presidente Luis Gonzalo Y\u00e9pez, hizo un sinn\u00famero de solicitudes al Instituto Nacional de Patrimonio Cultural, para que la factor\u00eda sea proclamada Bien Perteneciente al Patrimonio Cultural de la Naci\u00f3n, pedido que se cumpli\u00f3 y dio importancia a la ex Industria en todo el pa\u00eds.<\/p>\n<p>&nbsp;<\/p>\n","protected":false},"excerpt":{"rendered":"<p>La F\u00e1brica Textil Imbabura fue uno de los centros industriales que se fund\u00f3 en 1924 en Atuntaqui, se sabe que alrededor de 15 f\u00e1bricas se crearon en todo el Ecuador con la llegada de la industrializaci\u00f3n. Esta f\u00e1brica textil marc\u00f3 &hellip; <a href=\"https:\/\/blog.espol.edu.ec\/drrivera\/2015\/11\/05\/fabrica-textil-imbabura\/\">Sigue leyendo <span class=\"meta-nav\">&rarr;<\/span><\/a><\/p>\n","protected":false},"author":9941,"featured_media":0,"comment_status":"open","ping_status":"open","sticky":false,"template":"","format":"standard","meta":{"footnotes":""},"categories":[818],"tags":[],"class_list":["post-46","post","type-post","status-publish","format-standard","hentry","category-sin-categoria"],"_links":{"self":[{"href":"https:\/\/blog.espol.edu.ec\/drrivera\/wp-json\/wp\/v2\/posts\/46","targetHints":{"allow":["GET"]}}],"collection":[{"href":"https:\/\/blog.espol.edu.ec\/drrivera\/wp-json\/wp\/v2\/posts"}],"about":[{"href":"https:\/\/blog.espol.edu.ec\/drrivera\/wp-json\/wp\/v2\/types\/post"}],"author":[{"embeddable":true,"href":"https:\/\/blog.espol.edu.ec\/drrivera\/wp-json\/wp\/v2\/users\/9941"}],"replies":[{"embeddable":true,"href":"https:\/\/blog.espol.edu.ec\/drrivera\/wp-json\/wp\/v2\/comments?post=46"}],"version-history":[{"count":1,"href":"https:\/\/blog.espol.edu.ec\/drrivera\/wp-json\/wp\/v2\/posts\/46\/revisions"}],"predecessor-version":[{"id":48,"href":"https:\/\/blog.espol.edu.ec\/drrivera\/wp-json\/wp\/v2\/posts\/46\/revisions\/48"}],"wp:attachment":[{"href":"https:\/\/blog.espol.edu.ec\/drrivera\/wp-json\/wp\/v2\/media?parent=46"}],"wp:term":[{"taxonomy":"category","embeddable":true,"href":"https:\/\/blog.espol.edu.ec\/drrivera\/wp-json\/wp\/v2\/categories?post=46"},{"taxonomy":"post_tag","embeddable":true,"href":"https:\/\/blog.espol.edu.ec\/drrivera\/wp-json\/wp\/v2\/tags?post=46"}],"curies":[{"name":"wp","href":"https:\/\/api.w.org\/{rel}","templated":true}]}}