{"id":4,"date":"2010-06-17T13:35:09","date_gmt":"2010-06-17T13:35:09","guid":{"rendered":"http:\/\/blog.espol.edu.ec\/eaquizhpe\/?p=4"},"modified":"2010-06-20T21:25:53","modified_gmt":"2010-06-20T21:25:53","slug":"dia-del-padre","status":"publish","type":"post","link":"https:\/\/blog.espol.edu.ec\/eaquizhpe\/2010\/06\/17\/dia-del-padre\/","title":{"rendered":"d\u00eda del padre..."},"content":{"rendered":"<p><strong>\ufeff<a href=\"http:\/\/blog.espol.edu.ec\/eaquizhpe\/files\/2010\/06\/FelizDiaDelPadre1.jpg\"><img loading=\"lazy\" decoding=\"async\" class=\"alignright size-medium wp-image-9\" title=\"FelizDiaDelPadre\" src=\"http:\/\/blog.espol.edu.ec\/eaquizhpe\/files\/2010\/06\/FelizDiaDelPadre1-225x300.jpg\" alt=\"\" width=\"225\" height=\"300\" srcset=\"https:\/\/blog.espol.edu.ec\/eaquizhpe\/files\/2010\/06\/FelizDiaDelPadre1-225x300.jpg 225w, https:\/\/blog.espol.edu.ec\/eaquizhpe\/files\/2010\/06\/FelizDiaDelPadre1.jpg 768w\" sizes=\"auto, (max-width: 225px) 100vw, 225px\" \/><\/a>\u00bfA QUI\u00c9N SE LE OCURRI\u00d3 LA IDEA?<\/strong> \u00bfTe has preguntado a qui\u00e9n se le ocurri\u00f3 la idea de homenajear a los pap\u00e1s? No, no fue ni un h\u00e1bil comerciante para incrementar sus ventas.<\/p>\n<p>Ni tampoco una esposa aburrida con un brote creativo y ganas de agasajar al padre de sus hijos. Y no... tampoco \u00a0fue idea de un pap\u00e1 que quer\u00eda recibir muchos regalos. Lo cierto es que hoy todos los padres del mundo tienen que agradecerle a Sonora Smart Dodd, una hija muy orgullosa de su padre que quiso honrarlo con un d\u00eda especial.<\/p>\n<p><strong>Si las mam\u00e1s ten\u00edan el suyo \u00bfPor qu\u00e9 los pap\u00e1s no?<\/strong><\/p>\n<p>Sonora ten\u00eda 27 a\u00f1os cuando un domingo escuch\u00f3 un serm\u00f3n sobre el d\u00eda de la madre que despert\u00f3 su atenci\u00f3n. Se pregunt\u00f3 entonces: \u00bfpor qu\u00e9 no exist\u00eda un d\u00eda as\u00ed para los padres? Su pap\u00e1, William Jackson Smart, un veterano de la guerra civil, enviud\u00f3 cuando su esposa daba luz a su sexto hijo, y tuvo que criar solo y sin ayuda a sus seis hijos en una granja en el estado de Washington. El se\u00f1or Smart se merec\u00eda un homenaje.<\/p>\n<p>Dodd entonces comenz\u00f3 una campa\u00f1a despu\u00e9s del serm\u00f3n, promoviendo la idea de celebrar el d\u00eda del padre el primer domingo de junio, d\u00eda del cumplea\u00f1os de su pap\u00e1. Al principio, algunos gobernantes locales se lo tomaron a risa, pero la insistencia de Sonora logr\u00f3 su cometido. Finalmente, el primer d\u00eda del padre se celebr\u00f3 el 19 de junio de 1910, en Spokane, Washington.<\/p>\n<p>La idea fue recibida con gran aceptaci\u00f3n en muchas ciudades y condados, por lo que a\u00f1os m\u00e1s tarde, en 1924, el presidente Calvin Coolidge hizo del d\u00eda del padre una celebraci\u00f3n nacional. Ya en 1966, el presidente Lyndon Johnson firm\u00f3 una proclamaci\u00f3n presidencial que declaraba al tercer domingo de junio como el d\u00eda del padre en todos los Estados Unidos.<\/p>\n<p>Hoy el d\u00eda del padre se festeja en casi todo el mundo y se ha convertido en la fecha para honrar y destacar no s\u00f3lo a todos los pap\u00e1s del mundo sino tambi\u00e9n a todos aquellos t\u00edos, abuelos o hermanos que con tanto amor y dedicaci\u00f3n cumplen el rol de padre en la sociedad<\/p>\n<p>Fuente: <a href=\"http:\/\/portalecuador.ec\/module-Pagesetter-viewpub-tid-7-pid-384.php\">http:\/\/portalecuador.ec\/module-Pagesetter-viewpub-tid-7-pid-384.php<\/a><\/p>\n<p><object classid=\"clsid:d27cdb6e-ae6d-11cf-96b8-444553540000\" width=\"480\" height=\"385\"><param name=\"allowFullScreen\" value=\"true\" \/><param name=\"allowscriptaccess\" value=\"always\" \/><param name=\"src\" value=\"http:\/\/www.youtube.com\/v\/bMT3tNI7iw4&amp;hl=es_ES&amp;fs=1&amp;\" \/><param name=\"allowfullscreen\" value=\"true\" \/><embed type=\"application\/x-shockwave-flash\" width=\"480\" height=\"385\" src=\"http:\/\/www.youtube.com\/v\/bMT3tNI7iw4&amp;hl=es_ES&amp;fs=1&amp;\" allowfullscreen=\"true\" allowscriptaccess=\"always\"><\/embed><\/object><\/p>\n","protected":false},"excerpt":{"rendered":"<p>\ufeff\u00bfA QUI\u00c9N SE LE OCURRI\u00d3 LA IDEA? \u00bfTe has preguntado a qui\u00e9n se le ocurri\u00f3 la idea de homenajear a los pap\u00e1s? No, no fue ni un h\u00e1bil comerciante para incrementar sus ventas. Ni tampoco una esposa aburrida con un brote creativo y ganas de agasajar al padre de sus hijos. Y no... tampoco \u00a0fue [&hellip;]<\/p>\n","protected":false},"author":4795,"featured_media":0,"comment_status":"open","ping_status":"open","sticky":false,"template":"","format":"standard","meta":{"footnotes":""},"categories":[1],"tags":[],"class_list":["post-4","post","type-post","status-publish","format-standard","hentry","category-uncategorized"],"_links":{"self":[{"href":"https:\/\/blog.espol.edu.ec\/eaquizhpe\/wp-json\/wp\/v2\/posts\/4","targetHints":{"allow":["GET"]}}],"collection":[{"href":"https:\/\/blog.espol.edu.ec\/eaquizhpe\/wp-json\/wp\/v2\/posts"}],"about":[{"href":"https:\/\/blog.espol.edu.ec\/eaquizhpe\/wp-json\/wp\/v2\/types\/post"}],"author":[{"embeddable":true,"href":"https:\/\/blog.espol.edu.ec\/eaquizhpe\/wp-json\/wp\/v2\/users\/4795"}],"replies":[{"embeddable":true,"href":"https:\/\/blog.espol.edu.ec\/eaquizhpe\/wp-json\/wp\/v2\/comments?post=4"}],"version-history":[{"count":8,"href":"https:\/\/blog.espol.edu.ec\/eaquizhpe\/wp-json\/wp\/v2\/posts\/4\/revisions"}],"predecessor-version":[{"id":11,"href":"https:\/\/blog.espol.edu.ec\/eaquizhpe\/wp-json\/wp\/v2\/posts\/4\/revisions\/11"}],"wp:attachment":[{"href":"https:\/\/blog.espol.edu.ec\/eaquizhpe\/wp-json\/wp\/v2\/media?parent=4"}],"wp:term":[{"taxonomy":"category","embeddable":true,"href":"https:\/\/blog.espol.edu.ec\/eaquizhpe\/wp-json\/wp\/v2\/categories?post=4"},{"taxonomy":"post_tag","embeddable":true,"href":"https:\/\/blog.espol.edu.ec\/eaquizhpe\/wp-json\/wp\/v2\/tags?post=4"}],"curies":[{"name":"wp","href":"https:\/\/api.w.org\/{rel}","templated":true}]}}