{"id":85,"date":"2010-09-15T00:00:14","date_gmt":"2010-09-15T00:00:14","guid":{"rendered":"http:\/\/blog.espol.edu.ec\/eaquizhpe\/?p=85"},"modified":"2010-09-15T00:04:07","modified_gmt":"2010-09-15T00:04:07","slug":"ultimos-avances-en-el-tratamiento-de-la-demencia-senil","status":"publish","type":"post","link":"https:\/\/blog.espol.edu.ec\/eaquizhpe\/2010\/09\/15\/ultimos-avances-en-el-tratamiento-de-la-demencia-senil\/","title":{"rendered":"Ultimos avances en el tratamiento de la demencia senil"},"content":{"rendered":"<p>Fuente: http:\/\/avances-tecnologicos.euroresidentes.com\/ <\/p>\n<p>Una pastilla diaria de vitaminas podr\u00eda reducir hasta un 50% los efectos de la demencia<\/p>\n<p>Investigadores de la Universidad de Oxford han descubierto que tomar a diario pastillas de tres vitaminas del grupo B disminuye la contracci\u00f3n del cerebro que tiene lugar con la edad y origina los primeros signos de demencia, tales como la p\u00e9rdida de memoria.<\/p>\n<p>En un ensayo de dos a\u00f1os, el suplemento de vitaminas retras\u00f3 el ritmo de atrofia cerebral hasta un 50% en un grupo de personas de edad avanzada, con m\u00e1s de un 30% de reducci\u00f3n global. Las pruebas cognitivas muestran que las personas con menos contracci\u00f3n del cerebro presentan un mejor rendimiento.<\/p>\n<p>En la investigaci\u00f3n de Oxford, llevada a cabo en colaboraci\u00f3n con colegas de Noruega, participaron 168 personas con MCI; la mitad de ellas recibieron dosis diarias de vitamina B12, B6 y \u00e1cido f\u00f3lico (B9).<\/p>\n<p>Despu\u00e9s de dos a\u00f1os, las exploraciones de resonancia magn\u00e9tica mostraron que el cerebro de los que hab\u00edan tomado las vitaminas se hab\u00eda reducido menos --un 0,76% por a\u00f1o-- que los que hab\u00edan recibido un placebo (1,08%); es decir, un 31% de diferencia. En los ancianos que respondieron mejor, la reducci\u00f3n de la tasa de contracci\u00f3n del cerebro fue del 53%.<\/p>\n<p>Se sabe que la contracci\u00f3n del cerebro se produce con mayor rapidez en las personas con MCI o Alzheimer y que unos niveles elevados del amino\u00e1cido homociste\u00edna est\u00e1n relacionados con un aumento del riesgo de las condiciones. Los investigadores creen que las vitaminas B frenaron la atrofia cerebral observada en los casos de MCI y Alzheimer reduciendo los niveles de homociste\u00edna. Las personas con los niveles m\u00e1s altos de homociste\u00edna en sangre fueron las m\u00e1s beneficiadas.<\/p>\n<p>Aunque el ensayo no se dise\u00f1\u00f3 para medir la capacidad de pensar, los investigadores observaron que los individuos con las tasas m\u00e1s bajas de contracci\u00f3n cerebral obtuvieron los mejores resultados en las pruebas mentales.<\/p>\n<p>No obstante, los investigadores se\u00f1alaron que es demasiado pronto para recomendar a las personas mayores con p\u00e9rdidas de memoria que tomen suplementos de vitamina B, hasta que m\u00e1s estudios hayan confirmado sus beneficios y riesgos.<\/p>\n<p>Los resultados se han publicado en la revista PLoS [Public Library of Science] One. Fuente: The Independent<\/p>\n","protected":false},"excerpt":{"rendered":"<p>Fuente: http:\/\/avances-tecnologicos.euroresidentes.com\/ Una pastilla diaria de vitaminas podr\u00eda reducir hasta un 50% los efectos de la demencia Investigadores de la Universidad de Oxford han descubierto que tomar a diario pastillas de tres vitaminas del grupo B disminuye la contracci\u00f3n del cerebro que tiene lugar con la edad y origina los primeros signos de demencia, tales [&hellip;]<\/p>\n","protected":false},"author":4795,"featured_media":0,"comment_status":"open","ping_status":"open","sticky":false,"template":"","format":"standard","meta":{"footnotes":""},"categories":[1],"tags":[],"class_list":["post-85","post","type-post","status-publish","format-standard","hentry","category-uncategorized"],"_links":{"self":[{"href":"https:\/\/blog.espol.edu.ec\/eaquizhpe\/wp-json\/wp\/v2\/posts\/85","targetHints":{"allow":["GET"]}}],"collection":[{"href":"https:\/\/blog.espol.edu.ec\/eaquizhpe\/wp-json\/wp\/v2\/posts"}],"about":[{"href":"https:\/\/blog.espol.edu.ec\/eaquizhpe\/wp-json\/wp\/v2\/types\/post"}],"author":[{"embeddable":true,"href":"https:\/\/blog.espol.edu.ec\/eaquizhpe\/wp-json\/wp\/v2\/users\/4795"}],"replies":[{"embeddable":true,"href":"https:\/\/blog.espol.edu.ec\/eaquizhpe\/wp-json\/wp\/v2\/comments?post=85"}],"version-history":[{"count":2,"href":"https:\/\/blog.espol.edu.ec\/eaquizhpe\/wp-json\/wp\/v2\/posts\/85\/revisions"}],"predecessor-version":[{"id":87,"href":"https:\/\/blog.espol.edu.ec\/eaquizhpe\/wp-json\/wp\/v2\/posts\/85\/revisions\/87"}],"wp:attachment":[{"href":"https:\/\/blog.espol.edu.ec\/eaquizhpe\/wp-json\/wp\/v2\/media?parent=85"}],"wp:term":[{"taxonomy":"category","embeddable":true,"href":"https:\/\/blog.espol.edu.ec\/eaquizhpe\/wp-json\/wp\/v2\/categories?post=85"},{"taxonomy":"post_tag","embeddable":true,"href":"https:\/\/blog.espol.edu.ec\/eaquizhpe\/wp-json\/wp\/v2\/tags?post=85"}],"curies":[{"name":"wp","href":"https:\/\/api.w.org\/{rel}","templated":true}]}}