{"id":132,"date":"2012-02-05T09:12:59","date_gmt":"2012-02-05T14:12:59","guid":{"rendered":"http:\/\/blog.espol.edu.ec\/ebroldan\/?p=132"},"modified":"2012-02-05T09:12:59","modified_gmt":"2012-02-05T14:12:59","slug":"la-imagen-un-factor-importante","status":"publish","type":"post","link":"https:\/\/blog.espol.edu.ec\/ebroldan\/2012\/02\/la-imagen-un-factor-importante\/","title":{"rendered":"La Imagen un Factor Importante"},"content":{"rendered":"<div><strong>Por Denisse Guerrero<\/strong><\/div>\n<div><\/div>\n<div><\/div>\n<div>La imagen de un profesional no solamente est\u00e1 en su conocimiento, de su especialidad. Tambi\u00e9n, es complementado y enriquecido con otras particularidades como su educaci\u00f3n, cultura, valores, sentido com\u00fan, elegancia, estilo y, adem\u00e1s, las buenas formas y cortes\u00edas que facilitar\u00e1n su\u00a0 desarrollo integral.<\/div>\n<div><\/div>\n<div>La \"imagen\" es el conjunto de factores que configuran la opini\u00f3n buena o mala que el p\u00fablico se forma de nosotros. De la mano de la imagen va la etiqueta social, que es el conjunto de normas que deben seguirse en los actos p\u00fablicos solemnes o en cualquier acto social. Seg\u00fan sea la\u00a0 solemnidad del acto y en la parte del d\u00eda que se desarrolle, determinar\u00e1 la etiqueta a llevar.<\/div>\n<div><\/div>\n<div>Existen actos que debido a sus caracter\u00edsticas requieren de una estructura e imagen particular. Con la etiqueta se evita, la\u00a0singularidad de cada persona. Esta particularidad ser\u00eda desafortunada, por ejemplo en un funeral o en una recepci\u00f3n religiosa. Se podr\u00eda ver un panorama casi homog\u00e9neo, a excepci\u00f3n de aquel o aquella que quiere ser original vestido con gran colorido y dando un impacto al sentimiento de solemnidad.<\/div>\n<div><\/div>\n<div>Est\u00e1 demostrado que la mayor\u00eda de las decisiones se determinan por la influencia visual y debemos tener en cuenta que no existe una segunda oportunidad para causar una primera buena impresi\u00f3n. De nuestra adecuada apariencia depender\u00e1 lograr disfrutar de la simpat\u00eda, credibilidad y aceptaci\u00f3n del entorno general y empresarial. Una imagen individual positiva nos abrir\u00e1 nuevas oportunidades de \u00e9xito en diversos momentos de la vida.<\/div>\n","protected":false},"excerpt":{"rendered":"<p>Por Denisse Guerrero La imagen de un profesional no solamente est\u00e1 en su conocimiento, de su especialidad. Tambi\u00e9n, es complementado y enriquecido con otras particularidades como su educaci\u00f3n, cultura, valores, sentido com\u00fan, elegancia, estilo y, adem\u00e1s, las buenas formas y cortes\u00edas que facilitar\u00e1n su\u00a0 desarrollo integral. La \"imagen\" es el conjunto de factores que configuran [&hellip;]<\/p>\n","protected":false},"author":1236,"featured_media":0,"comment_status":"open","ping_status":"open","sticky":false,"template":"","format":"standard","meta":{"footnotes":""},"categories":[954],"tags":[],"class_list":["post-132","post","type-post","status-publish","format-standard","hentry","category-academico"],"_links":{"self":[{"href":"https:\/\/blog.espol.edu.ec\/ebroldan\/wp-json\/wp\/v2\/posts\/132","targetHints":{"allow":["GET"]}}],"collection":[{"href":"https:\/\/blog.espol.edu.ec\/ebroldan\/wp-json\/wp\/v2\/posts"}],"about":[{"href":"https:\/\/blog.espol.edu.ec\/ebroldan\/wp-json\/wp\/v2\/types\/post"}],"author":[{"embeddable":true,"href":"https:\/\/blog.espol.edu.ec\/ebroldan\/wp-json\/wp\/v2\/users\/1236"}],"replies":[{"embeddable":true,"href":"https:\/\/blog.espol.edu.ec\/ebroldan\/wp-json\/wp\/v2\/comments?post=132"}],"version-history":[{"count":1,"href":"https:\/\/blog.espol.edu.ec\/ebroldan\/wp-json\/wp\/v2\/posts\/132\/revisions"}],"predecessor-version":[{"id":133,"href":"https:\/\/blog.espol.edu.ec\/ebroldan\/wp-json\/wp\/v2\/posts\/132\/revisions\/133"}],"wp:attachment":[{"href":"https:\/\/blog.espol.edu.ec\/ebroldan\/wp-json\/wp\/v2\/media?parent=132"}],"wp:term":[{"taxonomy":"category","embeddable":true,"href":"https:\/\/blog.espol.edu.ec\/ebroldan\/wp-json\/wp\/v2\/categories?post=132"},{"taxonomy":"post_tag","embeddable":true,"href":"https:\/\/blog.espol.edu.ec\/ebroldan\/wp-json\/wp\/v2\/tags?post=132"}],"curies":[{"name":"wp","href":"https:\/\/api.w.org\/{rel}","templated":true}]}}