{"id":56,"date":"2011-12-22T18:43:53","date_gmt":"2011-12-22T23:43:53","guid":{"rendered":"http:\/\/blog.espol.edu.ec\/ebroldan\/?p=56"},"modified":"2012-01-29T21:52:08","modified_gmt":"2012-01-30T02:52:08","slug":"cuenca-maneja-sus-fiestas","status":"publish","type":"post","link":"https:\/\/blog.espol.edu.ec\/ebroldan\/2011\/12\/cuenca-maneja-sus-fiestas\/","title":{"rendered":"Cuenca maneja sus fiestas"},"content":{"rendered":"<p><strong><a href=\"http:\/\/blog.espol.edu.ec\/ebroldan\/files\/2011\/12\/blog-cuenca.jpg\"><img loading=\"lazy\" decoding=\"async\" class=\"aligncenter size-medium wp-image-106\" src=\"http:\/\/blog.espol.edu.ec\/ebroldan\/files\/2011\/12\/blog-cuenca-300x216.jpg\" alt=\"\" width=\"300\" height=\"216\" srcset=\"https:\/\/blog.espol.edu.ec\/ebroldan\/files\/2011\/12\/blog-cuenca-300x216.jpg 300w, https:\/\/blog.espol.edu.ec\/ebroldan\/files\/2011\/12\/blog-cuenca.jpg 626w\" sizes=\"auto, (max-width: 300px) 100vw, 300px\" \/><\/a><\/strong><\/p>\n<p><strong>Por: Denisse Guerrero<\/strong><\/p>\n<div align=\"justify\">La Ciudad de Cuenca fue una de las opciones para este feriado, que muchas personas optaron para salir del estr\u00e9s de la ciudad. El Departamento de Relaciones P\u00fablicas de la alcald\u00eda de esta ciudad, supo manejar bien el resto de departamentos que trabajan junto con ellos, ya que este feriado\u00a0tuvo gran acogida por sus promociones y diferentes actividades que se realizaron.<\/div>\n<div align=\"justify\">Una de las opciones de trabajo que tiene el departamento es de tener bien informado al turista y una manera de llegar a ellos es el internet, donde tienen una p\u00e1gina muy completa acerca de lo que es y lo que hace cuenca para mantenerse como una ciudad tur\u00edstica.<\/div>\n<div align=\"justify\">Ellos cuentan con una agenda semanal presentando las distintas actividades. Cuenca en sus fiestas tir\u00f3 la casa por la ventana, hubo conciertos, ferias, parque de diversiones, circos, en fin esta ciudad supo divertirse.<\/div>\n<div align=\"justify\">Javier Ronquillo\u00a0 comenta que eligi\u00f3 Cuenca para pasar su feriado porque las propagandas de las actividades culturales lo motivaron para ir con su familia. No pod\u00edan faltar los deportes en sus fiestas. Se celebr\u00f3 la competencia de carros de madera la cual se cerr\u00f3 con la categor\u00eda llanta inflada. All\u00ed el ganador fue Edison Albarrac\u00edn, que super\u00f3 a Fabi\u00e1n Pulla y Rolando Albarrac\u00edn.<\/div>\n<div align=\"justify\">La edici\u00f3n 2011 de esta cl\u00e1sica actividad deportiva se disput\u00f3 con 30 participantes, un n\u00famero bastante inferior en relaci\u00f3n a a\u00f1os pasados.<\/div>\n<div align=\"justify\">Seg\u00fan Enrique Bermeo, de EBS producciones y organizador del evento, esto tuvo que ver con la falta de apoyo del Municipio de Cuenca, pues ante ello \u201cno se pudo ofrecer premios econ\u00f3micos\u201d, algo que impidi\u00f3 la llegada de competidores de otras provincias.<\/div>\n<div align=\"justify\">\u201cCuenca me enamoro la admiro no solo por sus fiestas, sino tambi\u00e9n por su cultura y arquitectura\u201d, coment\u00f3 M\u00f3nica Andrade.<\/div>\n","protected":false},"excerpt":{"rendered":"<p>Por: Denisse Guerrero La Ciudad de Cuenca fue una de las opciones para este feriado, que muchas personas optaron para salir del estr\u00e9s de la ciudad. El Departamento de Relaciones P\u00fablicas de la alcald\u00eda de esta ciudad, supo manejar bien el resto de departamentos que trabajan junto con ellos, ya que este feriado\u00a0tuvo gran acogida [&hellip;]<\/p>\n","protected":false},"author":1236,"featured_media":0,"comment_status":"open","ping_status":"open","sticky":false,"template":"","format":"standard","meta":{"footnotes":""},"categories":[9530],"tags":[],"class_list":["post-56","post","type-post","status-publish","format-standard","hentry","category-informativo"],"_links":{"self":[{"href":"https:\/\/blog.espol.edu.ec\/ebroldan\/wp-json\/wp\/v2\/posts\/56","targetHints":{"allow":["GET"]}}],"collection":[{"href":"https:\/\/blog.espol.edu.ec\/ebroldan\/wp-json\/wp\/v2\/posts"}],"about":[{"href":"https:\/\/blog.espol.edu.ec\/ebroldan\/wp-json\/wp\/v2\/types\/post"}],"author":[{"embeddable":true,"href":"https:\/\/blog.espol.edu.ec\/ebroldan\/wp-json\/wp\/v2\/users\/1236"}],"replies":[{"embeddable":true,"href":"https:\/\/blog.espol.edu.ec\/ebroldan\/wp-json\/wp\/v2\/comments?post=56"}],"version-history":[{"count":3,"href":"https:\/\/blog.espol.edu.ec\/ebroldan\/wp-json\/wp\/v2\/posts\/56\/revisions"}],"predecessor-version":[{"id":107,"href":"https:\/\/blog.espol.edu.ec\/ebroldan\/wp-json\/wp\/v2\/posts\/56\/revisions\/107"}],"wp:attachment":[{"href":"https:\/\/blog.espol.edu.ec\/ebroldan\/wp-json\/wp\/v2\/media?parent=56"}],"wp:term":[{"taxonomy":"category","embeddable":true,"href":"https:\/\/blog.espol.edu.ec\/ebroldan\/wp-json\/wp\/v2\/categories?post=56"},{"taxonomy":"post_tag","embeddable":true,"href":"https:\/\/blog.espol.edu.ec\/ebroldan\/wp-json\/wp\/v2\/tags?post=56"}],"curies":[{"name":"wp","href":"https:\/\/api.w.org\/{rel}","templated":true}]}}