{"id":78,"date":"2011-12-22T20:35:35","date_gmt":"2011-12-23T01:35:35","guid":{"rendered":"http:\/\/blog.espol.edu.ec\/ebroldan\/?p=78"},"modified":"2011-12-22T20:35:35","modified_gmt":"2011-12-23T01:35:35","slug":"entrevista-al-director-del-partido-politico-avanza-dr-john-argudo","status":"publish","type":"post","link":"https:\/\/blog.espol.edu.ec\/ebroldan\/2011\/12\/entrevista-al-director-del-partido-politico-avanza-dr-john-argudo\/","title":{"rendered":"Entrevista al Director del Partido Politico AVANZA, Dr. John Argudo"},"content":{"rendered":"<div><strong>Por: Catherine Vergara<\/strong><\/div>\n<div><\/div>\n<div><strong>\u00bf<\/strong><strong>Avanza ser\u00e1 un partido politico o movimiento?<\/strong><br \/>\nAvanza sera el primer partido politico que se estructura en el Ecuador sobre la base de la primera constituci\u00f3n de la rep\u00fablica, no creemos que los movimientos contribuyen como corresponde a la democracia de un pa\u00eds. Estamos convencidos que un partido politico tiene mas seriedad, que tenga propuesta en el compromiso \u00e9tico y en compromiso en equipo de un pa\u00eds. Por lo tanto vamos hacer un partido politico.<br \/>\n<strong>\u00bfQu\u00e9 es la declaraci\u00f3n de principios?<\/strong><br \/>\nLa declaraci\u00f3n de principios se sustenta en el social democracia, vamos hacer un partido socialdemocrata por lo tanto creemos\u00a0en la necesidad de proyectos, en la libertad de expresi\u00f3n, creemos en los derechos humanos en los derechos econ\u00f3micos y sociales. Creemos en todas las libertades.<\/div>\n<div>Estamos convencidos que el estado debe brindarle a la sociedad igualdad de oportunidades para el acceso a una educaci\u00f3n de calidad y de<br \/>\nigualdad de oportunidades a una salud publica de calidad que el ecuatoriano tenga como conocimiento del mundo para ser competitivos en lo acad\u00e9mico, profesional y que tenga condiciones b\u00e1sicas de salud que le permitan manejarse<br \/>\ndentro de esta competitividad. \u00a1Hay que respetar a la propiedad privada, respetar y apoyar la iniciativa de los privados! Exigirles que paguen a sus trabajadores que aporten a la seguridad social.<\/div>\n<div>AVANZA lo que quiere es un pa\u00eds de emprendedores, un pa\u00eds en donde se pueda generar riqueza, prosperidad y retribuir a la sociedad. No creemos en que tenemos que ser autargicos porque vivimos en un mundo global. Ah\u00ed que buscar en la glabalizacion oportunidades de<br \/>\nmejorar nuestras condiciones econ\u00f3micas y de mercado hay que buscar que el emprendimiento permita mejores ciudadanos, pueda generar esta riqueza y que paguen lo que corresponde al estado.<\/div>\n","protected":false},"excerpt":{"rendered":"<p>Por: Catherine Vergara \u00bfAvanza ser\u00e1 un partido politico o movimiento? Avanza sera el primer partido politico que se estructura en el Ecuador sobre la base de la primera constituci\u00f3n de la rep\u00fablica, no creemos que los movimientos contribuyen como corresponde a la democracia de un pa\u00eds. Estamos convencidos que un partido politico tiene mas seriedad, [&hellip;]<\/p>\n","protected":false},"author":1236,"featured_media":0,"comment_status":"open","ping_status":"open","sticky":false,"template":"","format":"standard","meta":{"footnotes":""},"categories":[9530],"tags":[],"class_list":["post-78","post","type-post","status-publish","format-standard","hentry","category-informativo"],"_links":{"self":[{"href":"https:\/\/blog.espol.edu.ec\/ebroldan\/wp-json\/wp\/v2\/posts\/78","targetHints":{"allow":["GET"]}}],"collection":[{"href":"https:\/\/blog.espol.edu.ec\/ebroldan\/wp-json\/wp\/v2\/posts"}],"about":[{"href":"https:\/\/blog.espol.edu.ec\/ebroldan\/wp-json\/wp\/v2\/types\/post"}],"author":[{"embeddable":true,"href":"https:\/\/blog.espol.edu.ec\/ebroldan\/wp-json\/wp\/v2\/users\/1236"}],"replies":[{"embeddable":true,"href":"https:\/\/blog.espol.edu.ec\/ebroldan\/wp-json\/wp\/v2\/comments?post=78"}],"version-history":[{"count":1,"href":"https:\/\/blog.espol.edu.ec\/ebroldan\/wp-json\/wp\/v2\/posts\/78\/revisions"}],"predecessor-version":[{"id":79,"href":"https:\/\/blog.espol.edu.ec\/ebroldan\/wp-json\/wp\/v2\/posts\/78\/revisions\/79"}],"wp:attachment":[{"href":"https:\/\/blog.espol.edu.ec\/ebroldan\/wp-json\/wp\/v2\/media?parent=78"}],"wp:term":[{"taxonomy":"category","embeddable":true,"href":"https:\/\/blog.espol.edu.ec\/ebroldan\/wp-json\/wp\/v2\/categories?post=78"},{"taxonomy":"post_tag","embeddable":true,"href":"https:\/\/blog.espol.edu.ec\/ebroldan\/wp-json\/wp\/v2\/tags?post=78"}],"curies":[{"name":"wp","href":"https:\/\/api.w.org\/{rel}","templated":true}]}}