{"id":53,"date":"2013-05-26T15:57:01","date_gmt":"2013-05-26T15:57:01","guid":{"rendered":"http:\/\/blog.espol.edu.ec\/ebvega\/?p=53"},"modified":"2013-10-30T03:56:55","modified_gmt":"2013-10-30T03:56:55","slug":"quito-luz-de-america","status":"publish","type":"post","link":"https:\/\/blog.espol.edu.ec\/ebvega\/2013\/05\/26\/quito-luz-de-america\/","title":{"rendered":"Quito... Luz de Am\u00e9rica"},"content":{"rendered":"<p>San Francisco de Quito, es la ciudad capital de Ecuador y tambi\u00e9n de la provincia de Pichincha, es la segunda ciudad m\u00e1s grande y poblada del Ecuador. Adem\u00e1s es cabecera cantonal o distrital del Distrito Metropolitano de Quito.<\/p>\n<p>Toda la ciudad y el distrito metropolitano se encuentran entre los estilos Contempor\u00e1neo y Colonial, que se est\u00e1n reconstruyendo constantemente d\u00eda a d\u00eda. La estructura moderna se mezcla con la colonial donde los residentes nacionales y los visitantes extranjeros encuentran siempre un lugar para trabajar, gozar y recordar. Adem\u00e1s, la ciudad est\u00e1 rodeada por los volcanes Pichincha, Antisana, Cotopaxi, y Cayambe que conforman el contorno andino. Quito est\u00e1 colmada de significados que la identifican y definen, ocupa laderas o baja a los valles, serpentea a trav\u00e9s de callejones y se abre en amplias avenidas; zigzaguea, sorteando colinas y quebradas. Por esta belleza f\u00edsica, sus tradiciones, rincones de misticismo y leyendas vigentes, es considerada \"Relicario del Arte en Am\u00e9rica\". Estas fueron las caracter\u00edsticas principales para que, en noviembre de 1978, Quito fuera declarada por la UNESCO \"Patrimonio Cultural de la Humanidad\"<\/p>\n<p>Entre de los atractivos tur\u00edsticos de la ciudad, est\u00e1 la loma de El Panecillo, en la que se encuentra la estatua de la Virgen de Quito, inaugurada el 28 de marzo de 1976.<br \/>\nNovedoso es el Telef\u00e9rico, o como le dicen localmente, el Telef\u00e9riqo (con q de Quito), que permite acceder a Cruz Loma (a 4 200 msnm), una pendiente al este del Pichincha, poseedor de un ecosistema de p\u00e1ramo andino. Fuera de la ciudad, al norte, en la parroquia San Antonio del cant\u00f3n Quito, se encuentra el monumento de la l\u00ednea ecuatorial, en medio de una verdadera zona comercial conocida como la Ciudad Mitad del Mundo y administrada por el Consejo Provincial de Pichincha.<br \/>\nEn la zona de Guayllabamba, se encuentra el Zool\u00f3gico de Quito, que alberga pumas, jaguares, osos, monos, leones, venados, c\u00f3ndores, guacamayos, caimanes y canguros, entre otros. Los valles de Los Chillos y Tumbaco tienen tambi\u00e9n atractivos, tanto para los habitantes de Quito como para los visitantes. En los mencionados valles, se puede encontrar un clima c\u00e1lido muy bondadoso para la salud, adem\u00e1s de platos de comida t\u00edpica como hornado, yaguarlocro, fritada, etc.<\/p>\n<p>Quito posee el centro hist\u00f3rico m\u00e1s grande, menos alterado y el mejor preservado de Am\u00e9rica. Fue, junto al centro hist\u00f3rico de Cracovia en Polonia, los primeros en ser declarados Patrimonio Cultural de la Humanidad por la Unesco, el 18 de septiembre de 1978. El Centro Hist\u00f3rico de Quito se encuentra ubicado en el centro sur de la capital sobre una superficie de trescientas veinte hect\u00e1reas, y es considerado uno de los m\u00e1s importantes conjuntos hist\u00f3ricos de Am\u00e9rica Latina. Tiene alrededor de 130 edificaciones monumentales (donde se aloja una gran diversidad de arte pict\u00f3rico y escult\u00f3rico, principalmente de car\u00e1cter religioso inspirado en un multifac\u00e9tica gama de escuelas y estilos) y cinco mil inmuebles registrados en el inventario municipal de bienes patrimoniales. Lamentablemente durante varios a\u00f1os estuvo algo descuidado, lo que contribuy\u00f3 al deterioro de muchas de sus edificaciones y a que sus calles circundantes se vieran invadidas por el comercio informal. Esto no solamente le rest\u00f3 belleza sino que contribuy\u00f3 a que el sector sea poco seguro. Pero ahora todo ha cambiado gracias al programa que la Empresa de Desarrollo del Centro Hist\u00f3rico est\u00e1 impulsando para devolver a este lugar maravilloso su esplendor de a\u00f1os pasados.<\/p>\n<p><iframe loading=\"lazy\" width=\"420\" height=\"315\" src=\"http:\/\/www.youtube.com\/embed\/JICYzIHS1Rk\" frameborder=\"0\" allowfullscreen><\/iframe><\/p>\n<p>Las fotografias y videos son de mi propia autoria.<\/p>\n","protected":false},"excerpt":{"rendered":"<p>San Francisco de Quito, es la ciudad capital de Ecuador y tambi\u00e9n de la provincia de Pichincha, es la segunda ciudad m\u00e1s grande y poblada del Ecuador. Adem\u00e1s es cabecera cantonal o distrital del Distrito Metropolitano de Quito. Toda la &hellip; <a href=\"https:\/\/blog.espol.edu.ec\/ebvega\/2013\/05\/26\/quito-luz-de-america\/\">Sigue leyendo <span class=\"meta-nav\">&rarr;<\/span><\/a><\/p>\n","protected":false},"author":8536,"featured_media":0,"comment_status":"open","ping_status":"open","sticky":false,"template":"","format":"standard","meta":{"footnotes":""},"categories":[818],"tags":[],"class_list":["post-53","post","type-post","status-publish","format-standard","hentry","category-sin-categoria"],"_links":{"self":[{"href":"https:\/\/blog.espol.edu.ec\/ebvega\/wp-json\/wp\/v2\/posts\/53","targetHints":{"allow":["GET"]}}],"collection":[{"href":"https:\/\/blog.espol.edu.ec\/ebvega\/wp-json\/wp\/v2\/posts"}],"about":[{"href":"https:\/\/blog.espol.edu.ec\/ebvega\/wp-json\/wp\/v2\/types\/post"}],"author":[{"embeddable":true,"href":"https:\/\/blog.espol.edu.ec\/ebvega\/wp-json\/wp\/v2\/users\/8536"}],"replies":[{"embeddable":true,"href":"https:\/\/blog.espol.edu.ec\/ebvega\/wp-json\/wp\/v2\/comments?post=53"}],"version-history":[{"count":17,"href":"https:\/\/blog.espol.edu.ec\/ebvega\/wp-json\/wp\/v2\/posts\/53\/revisions"}],"predecessor-version":[{"id":141,"href":"https:\/\/blog.espol.edu.ec\/ebvega\/wp-json\/wp\/v2\/posts\/53\/revisions\/141"}],"wp:attachment":[{"href":"https:\/\/blog.espol.edu.ec\/ebvega\/wp-json\/wp\/v2\/media?parent=53"}],"wp:term":[{"taxonomy":"category","embeddable":true,"href":"https:\/\/blog.espol.edu.ec\/ebvega\/wp-json\/wp\/v2\/categories?post=53"},{"taxonomy":"post_tag","embeddable":true,"href":"https:\/\/blog.espol.edu.ec\/ebvega\/wp-json\/wp\/v2\/tags?post=53"}],"curies":[{"name":"wp","href":"https:\/\/api.w.org\/{rel}","templated":true}]}}