{"id":19,"date":"2011-05-25T22:30:57","date_gmt":"2011-05-25T22:30:57","guid":{"rendered":"http:\/\/blog.espol.edu.ec\/eceli\/?p=19"},"modified":"2011-05-25T22:30:57","modified_gmt":"2011-05-25T22:30:57","slug":"pitbull-usa-su-musica-como-terapia","status":"publish","type":"post","link":"https:\/\/blog.espol.edu.ec\/eceli\/2011\/05\/25\/pitbull-usa-su-musica-como-terapia\/","title":{"rendered":"PITBULL, Usa su m\u00fasica como terapia"},"content":{"rendered":"<p><a href=\"http:\/\/blog.espol.edu.ec\/eceli\/files\/2011\/05\/pitbull1.jpg\"><img loading=\"lazy\" decoding=\"async\" src=\"http:\/\/blog.espol.edu.ec\/eceli\/files\/2011\/05\/pitbull1.jpg\" alt=\"\" title=\"pitbull1\" width=\"300\" height=\"300\" class=\"aligncenter size-full wp-image-20\" srcset=\"https:\/\/blog.espol.edu.ec\/eceli\/files\/2011\/05\/pitbull1.jpg 300w, https:\/\/blog.espol.edu.ec\/eceli\/files\/2011\/05\/pitbull1-150x150.jpg 150w\" sizes=\"auto, (max-width: 300px) 100vw, 300px\" \/><\/a>Para el rapero cubano-estadounidense Pitbull la m\u00fasica es como una terapia. Y espera que tambi\u00e9n lo sea para sus fan\u00e1ticos Armando, su primer disco en espa\u00f1ol, que acaba de lanzar.<\/p>\n<p>\u201cLa m\u00fasica viene siendo como mi terapia\u201d, expres\u00f3 Pitbull en una entrevista el martes. \u201cVengo de la pobreza, de no tener nada, de luchar y de hacer de nada algo. Todos tienen la misma historia en el hip hop, nos entendemos\u201d, dijo el cantante en un intento por explicar su exitosa carrera en el mercado anglosaj\u00f3n.<\/p>\n<p>Pitbull, que tiene ya cinco \u00e1lbumes en el mercado desde que en el 2002 comenz\u00f3 su carrera en la banda sonora de la pel\u00edcula \u201c2 Fast 2 furious\u201d, dijo que durante a\u00f1os so\u00f1\u00f3 con grabar un disco en su lengua materna pero no pod\u00eda concretarlo porque trabajaba con una disquera que apuntaba sobre todo al mercado de habla inglesa.<\/p>\n<p>Hace dos a\u00f1os cambi\u00f3 de sello discogr\u00e1fico y su anhelo se concret\u00f3 tras ocho meses de intenso trabajo componiendo y grabando las 12 canciones de Armando, 10 de ellas in\u00e9ditas.<\/p>\n<p>\u201cEs un sue\u00f1o poder poner un disco en espa\u00f1ol afuera\u201d, expres\u00f3 el artista, vestido con pantal\u00f3n y camisa gris oscuro, y saco a cuadros blancos y negros. \u201cEs un disco que uno puede disfrutar, gozar, bailar y escaparse de la realidad con todo lo negativo que est\u00e1 pasando en el mundo\u201d, explic\u00f3.<\/p>\n<p>Armando sali\u00f3 a la venta en Estados Unidos y Puerto Rico el martes, y Pitbull ya tiene listo su pr\u00f3ximo disco en ingl\u00e9s, que lanzar\u00e1 en enero del 2011.<\/p>\n<p>El \u00e1lbum en espa\u00f1ol _que saldr\u00e1 en 30 d\u00edas en Latinoam\u00e9rica_ fue dedicado a su padre, que falleci\u00f3 hace dos a\u00f1os. La portada del disco incluye una fotograf\u00eda de su progenitor, de espaldas, mirando desde la costa de la bah\u00eda de Biscayne a los rascacielos del centro de Miami.<\/p>\n<p>El artista explic\u00f3 que el sencillo Bon, Bon ser\u00e1 el tema que una a los dos discos ya que tambi\u00e9n lo incluy\u00f3 en el \u00e1lbum en ingl\u00e9s y espera que sea un \u00e9xito.<\/p>\n<p>\u201cEn este disco (Armando) hay tanta m\u00fasica diferente\u2026 de tantas partes del mundo\u201d, manifest\u00f3 Pitbull, quien suele ocultar su mirada de ojos azules detr\u00e1s de anteojos oscuros.<\/p>\n<p>\u201cTienes un poquito de latino afrocubano, mambo. Pero m\u00e1s que nada lo latino se lo estoy dando a cada ritmo diferente, le estoy dando la salsa, el sabor nuestro\u201d, sostuvo.<\/p>\n<p>Aunque no tiene a\u00fan fecha para Latinoam\u00e9rica, el cantautor piensa visitar el pr\u00f3ximo a\u00f1o varios pa\u00edses de la regi\u00f3n para presentar sus \u00faltimos dos discos en conciertos.<\/p>\n<p>Por ahora, continuar\u00e1 hasta finales del 2010 con sus conciertos en Estados Unidos y algunas ciudades de M\u00e9xico, Guatemala, y Rep\u00fablica Dominicana.<\/p>\n<p>Los meses de marzo a junio del 2011 ya est\u00e1n reservados para presentaciones en Estados Unidos.<\/p>\n<p>Sentado en un sof\u00e1 de un estudio de televisi\u00f3n utilizado para presentar a la prensa su nuevo disco, Pitbull explic\u00f3 que el nuevo disco incluye vivencias personales, su fuente de inspiraci\u00f3n.<\/p>\n<p>\u201cLo que me inspira es la vida, todo lo que veo lo pongo en mis canciones\u201d, coment\u00f3 el artista de Miami.<\/p>\n<p>Y esas experiencias cotidianas est\u00e1n presentes en las canciones grabadas en espa\u00f1ol.<\/p>\n<p>Orgullo, por ejemplo, habla de la lucha de los latinos que entran a Estados Unidos buscando la libertad, oportunidades y un futuro para su familia. Preg\u00fantale, por su parte, aborda la historia de su carrera como artista latino.<\/p>\n<p>Pitbull dijo que entre sus sue\u00f1os figuran los de \u201cver a Cuba libre un d\u00eda, no solamente un trago\u201d, y grabar con la ayuda de la tecnolog\u00eda un disco con Celia Cruz, quien muri\u00f3 en el 2003.<\/p>\n<p>Asegur\u00f3 tambi\u00e9n que la fama y el \u00e9xito no estaban en su mente cuando comenz\u00f3 su carrera art\u00edstica, y dijo que \u201ccon la ayuda de Dios\u201d sacar\u00e1 m\u00e1s discos en espa\u00f1ol.<\/p>\n<p>\u201cYo no estaba pensando en llegar arriba, no estaba pensando en el \u00e9xito\u201d, expres\u00f3 el artista recordando el inicio de su carrera profesional. \u201cMe encanta la m\u00fasica, me encanta ser creativo y era mi terapia con todo lo que estaba pasando en mi vida\u201d.<\/p>\n","protected":false},"excerpt":{"rendered":"<p>Para el rapero cubano-estadounidense Pitbull la m\u00fasica es como una terapia. Y espera que tambi\u00e9n lo sea para sus fan\u00e1ticos Armando, su primer disco en espa\u00f1ol, que acaba de lanzar. \u201cLa m\u00fasica viene siendo como mi terapia\u201d, expres\u00f3 Pitbull en una entrevista el martes. \u201cVengo de la pobreza, de no tener nada, de luchar y [&hellip;]<\/p>\n","protected":false},"author":5847,"featured_media":0,"comment_status":"open","ping_status":"open","sticky":false,"template":"","format":"standard","meta":{"footnotes":""},"categories":[1],"tags":[],"class_list":["post-19","post","type-post","status-publish","format-standard","hentry","category-uncategorized"],"_links":{"self":[{"href":"https:\/\/blog.espol.edu.ec\/eceli\/wp-json\/wp\/v2\/posts\/19","targetHints":{"allow":["GET"]}}],"collection":[{"href":"https:\/\/blog.espol.edu.ec\/eceli\/wp-json\/wp\/v2\/posts"}],"about":[{"href":"https:\/\/blog.espol.edu.ec\/eceli\/wp-json\/wp\/v2\/types\/post"}],"author":[{"embeddable":true,"href":"https:\/\/blog.espol.edu.ec\/eceli\/wp-json\/wp\/v2\/users\/5847"}],"replies":[{"embeddable":true,"href":"https:\/\/blog.espol.edu.ec\/eceli\/wp-json\/wp\/v2\/comments?post=19"}],"version-history":[{"count":1,"href":"https:\/\/blog.espol.edu.ec\/eceli\/wp-json\/wp\/v2\/posts\/19\/revisions"}],"predecessor-version":[{"id":21,"href":"https:\/\/blog.espol.edu.ec\/eceli\/wp-json\/wp\/v2\/posts\/19\/revisions\/21"}],"wp:attachment":[{"href":"https:\/\/blog.espol.edu.ec\/eceli\/wp-json\/wp\/v2\/media?parent=19"}],"wp:term":[{"taxonomy":"category","embeddable":true,"href":"https:\/\/blog.espol.edu.ec\/eceli\/wp-json\/wp\/v2\/categories?post=19"},{"taxonomy":"post_tag","embeddable":true,"href":"https:\/\/blog.espol.edu.ec\/eceli\/wp-json\/wp\/v2\/tags?post=19"}],"curies":[{"name":"wp","href":"https:\/\/api.w.org\/{rel}","templated":true}]}}