{"id":34,"date":"2012-11-04T15:03:18","date_gmt":"2012-11-04T15:03:18","guid":{"rendered":"http:\/\/blog.espol.edu.ec\/edanzhun\/?p=34"},"modified":"2012-11-06T01:00:43","modified_gmt":"2012-11-06T01:00:43","slug":"historia-del-canton-milagro","status":"publish","type":"post","link":"https:\/\/blog.espol.edu.ec\/edanzhun\/2012\/11\/04\/historia-del-canton-milagro\/","title":{"rendered":"HISTORIA DE LA CIUDAD DE MILAGRO"},"content":{"rendered":"<p style=\"text-align: center\"><em><span style=\"color: #000000\"><strong>San Francisco de Milagro<\/strong> o simplemente <strong>Milagro<\/strong>, es un canton de la provincia del Guayas de la Rep\u00fablica del Ecuador. Est\u00e1 situada en el sudoeste del pa\u00eds, en las riberas del r\u00edo hom\u00f3nimo. Es la cabecera cantonal del Cant\u00f3n Milagro<\/span><\/em><\/p>\n<h1 style=\"text-align: center\"><em><span style=\"color: #000000\">\u00c9poca Prehisp\u00e1nica<\/span><\/em><\/h1>\n<p style=\"text-align: center\"><em><span style=\"color: #000000\">Milagro es una zona tropical y fue habitada desde hace miles de a\u00f1os por numerosa poblaci\u00f3n aborigen perteneciente a la cultura <strong>Cayapa Colorado<\/strong>. Estos no solo ocupaban lo que hoy es la ciudad de Milagro sino, tambi\u00e9n lo que hoy son las provincias de Los R\u00edos y el Guayas.<\/span><\/em><\/p>\n<p style=\"text-align: center\"><em><span style=\"color: #000000\">En a\u00f1os anteriores no se conoc\u00eda nada sobre la prehistoria de la ciudad, m\u00e1s los trabajos del Sr. Emilio Estrada Icaza dentro de la ciencia de la arqueolog\u00eda hace que el nombre de Milagro pase a un plano internacional. Milagro era el centro y epicentro cultural y comercial, por eso el arque\u00f3logo Emilio Estrada Ycaza lo se\u00f1ala en uno de sus libros cuando dice \" Milagro demuestra ser la cultura portadora a trav\u00e9s del Ecuador de elementos norte\u00f1os y sure\u00f1os\".<\/span><\/em><\/p>\n<p style=\"text-align: center\"><em><span style=\"color: #000000\">Alrededor del a\u00f1o 500 d. C. apareci\u00f3 la <strong>Cultura Milagro-Quevedo<\/strong> que existi\u00f3, hasta la llegada de la invasi\u00f3n espa\u00f1ola alrededor del a\u00f1o 1500\u00a0d.\u00a0C. Esta cultura prehisp\u00e1nica ocup\u00f3 la zona comprendida entre las estribaciones occidentales de la cordillera de los Andes y las colinas del litoral ecuatoriano, constituyendo, con los Atacames, Jama II y Mante\u00f1o-Huancavilca las \u00faltimas culturas en la costa ecuatoriana antes de la llegada de los primeros espa\u00f1oles en 1526, con quienes se iniciar\u00e1 el periodo de conquista y colonizaci\u00f3n.<\/span><\/em><\/p>\n<p style=\"text-align: center\"><em><span style=\"color: #000000\">Milagro-Quevedo constituye una de las culturas precolombinas que mayores territorios ocup\u00f3, pues su expansi\u00f3n comprendi\u00f3 todo el sistema fluvial del Guayas incluyendo sus dos grandes r\u00edos Daule y Babahoyo, y todos sus afluentes.<\/span><\/em><\/p>\n<p style=\"text-align: center\"><em><span style=\"color: #000000\">Se defin\u00edan \u00e9tnicamente como chonos, sus miembros fueron consumados orfebres que trabajaron delicadamente el oro y la plata, y llevaban para su adorno personal hasta doce aretes (seis en cada oreja), no solo en el l\u00f3bulo sino alrededor del pabell\u00f3n.<\/span><\/em><\/p>\n<p style=\"text-align: center\"><em><span style=\"color: #000000\">Uno de los rasgos que caracterizaban a esta cultura y quiz\u00e1 el m\u00e1s destacado fue la existencia de un gran n\u00famero de Tolas en casi todo el territorio que ocuparon.<sup>2<\/sup> A menudo estas Tolas se encuentran en grupos, pero las hay tambi\u00e9n aisladas. Los tama\u00f1os son variables, as\u00ed como sus formas. Las m\u00e1s peque\u00f1as suelen medir unos 10 metros de di\u00e1metro por apenas solo dos de altura, mientras que las m\u00e1s grandes pueden tener dimensiones impresionantes: m\u00e1s de 100 metros de longitud por unos 30 de altura y sobrepasando los 10 de altura.<sup>3<\/sup><\/span><\/em><\/p>\n<h1 style=\"text-align: center\"><em><span style=\"color: #000000\">\u00c9poca Colonial<\/span><\/em><\/h1>\n<p style=\"text-align: center\"><em><span style=\"color: #000000\">las tierras de Milagro fueron deshabitadas hasta mediados del siglo XVIII, porque en sus cercan\u00edas empezaron a formarse haciendas. A la zona se denomin\u00f3 <strong>Chirijos<\/strong>. La hacienda m\u00e1s famosa de esa \u00e9poca fue la de Don Miguel de Salcedo, porque seg\u00fan \u00e9l, en su hacienda hubo un milagro divino y es por eso que la naciente poblaci\u00f3n se empez\u00f3 a llamarse Milagro. A inicios del siglo XIX el poblado empez\u00f3 a crecer.<\/span><\/em><\/p>\n<h1 style=\"text-align: center\"><em><span style=\"color: #000000\">\u00c9poca Republicana<\/span><\/em><\/h1>\n<p style=\"text-align: center\"><em><span style=\"color: #000000\">En 1820 pas\u00f3 a ser recinto de la Provincia Libre de Guayaquil. El 24 de octubre de 1841, sus habitantes solicitaron su parroquializaci\u00f3n y el <strong>17 de octubre de 1842<\/strong>, gracia a la intervenci\u00f3n de Vicente Rocafuerte se elev\u00f3 a Milagro a parroquia rural del cant\u00f3n Guayaquil.<sup>4<\/sup><\/span><\/em><\/p>\n<p style=\"text-align: center\"><em><span style=\"color: #000000\">A mediados del siglo XIX, tras huir del terremoto de Ibarra llegaron a Milagro Rafael Valdez Cervantes, Manuel Antonio Andrade Sub\u00eda y el Dr. Modesto Jaramillo Egas, tres personajes que luego influir\u00edan notablemente en la ciudad.<\/span><\/em><\/p>\n<p style=\"text-align: center\"><em><span style=\"color: #000000\">El 1 de mayo de 1874, empez\u00f3 a funcionar el primer servicio regular del Ferrocarril Transandino, entre Yaguachi y Milagro, siendo una de las primeras poblaciones del pa\u00eds en contar con este servicio. Gracias a que el ferrocarril atravesaba el poblado, Milagro aceler\u00f3 su crecimiento.<\/span><\/em><\/p>\n<p style=\"text-align: center\"><em><span style=\"color: #000000\">El primer Teniente Pol\u00edtico de la Parroquia Milagro fue don Jos\u00e9 Mar\u00eda Vallejo, como principal, y Don Manuel Paredes como suplente. Desde 1842, que fue elevado a Parroquia hasta 1913 que se cantoniz\u00f3, o sea durante su vida parroquial, se hicieron las siguientes obras p\u00fablicas: La Casa Municipal, Plaza del Mercado, el cementerio, el Parque Central Rafael Valdez, el Puente Sucre. En el gobierno del Dr. Gabriel Garc\u00eda Moreno, se inicia la obra del ferrocarril en Milagro.<\/span><\/em><\/p>\n<p style=\"text-align: center\"><em><span style=\"color: #000000\">El 25 de junio de 1877, Rafael Valdez Cervantes, visit\u00f3 la hacienda <strong>San Jacinto de Chirijo<\/strong>, que por entonces pertenec\u00eda a su amigo y compadre Jos\u00e9 Juli\u00e1n Lara Molina y compr\u00f3 la mitad de esos terrenos en 4 500 pesos para instalar un ingenio de az\u00facar; el 1 de octubre de 1879 compr\u00f3 el resto de la hacienda. M\u00e1s tarde el naciente Ingenio Valdez empez\u00f3 a industrializarse gracias a las grandes cosechas de la hacienda, llegando incluso a poseer energ\u00eda el\u00e9ctrica. Esto permiti\u00f3 que Milagro se constituya en la primera poblaci\u00f3n en el Ecuador en contar con el servicio de alumbrado p\u00fablico. El 2 de noviembre de 1891 la empresa se constituy\u00f3 en Agr\u00edcola Industrial y Comercial que, con el nombre de Sucesores de Rafael Valdez, qued\u00f3 conformada por su viuda Victoria Concha y de sus hijos menores de edad; y, Mar\u00eda Valdez de Dillon, representada por su c\u00f3nyuge Luis Adriano Dillon.<sup>5<\/sup> Desde entonces el Ingenio Valdez ha contribuido notablemente en el crecimiento de Milagro.<\/span><\/em><\/p>\n<p style=\"text-align: center\"><em><span style=\"color: #000000\">En la primera administraci\u00f3n del General Leonidas Plaza Guti\u00e9rrez.- 1.901 - 1.905, hab\u00eda cursado en Congreso un Proyecto de Cantonizaci\u00f3n de Milagro, pero por obst\u00e1culos del Gobierno no lleg\u00f3 a cumplirse. A pesar de haber sido derrotados en su primer intento, los milagre\u00f1os no desmayaron en su empe\u00f1o y aprovechando que en 1.912 el pueblo de Milagro ayud\u00f3 en la lucha por la constituci\u00f3n. Estas gestiones fueron decididamente apoyadas por el pueblo de Milagro. El 5 de junio de 1.913 hubo una reuni\u00f3n en la \"Sociedad de Protecci\u00f3n Mutua\" , la ciudadan\u00eda respondi\u00f3 con patriotismo y qued\u00f3 organizado en esta fecha el Comit\u00e9 Pro-Cantonizaci\u00f3n que m\u00e1s tarde se llam\u00f3 18 de Enero.<\/span><\/em><\/p>\n<div style=\"text-align: center\">\n<div><em><span style=\"color: #000000\"><img loading=\"lazy\" decoding=\"async\" src=\"http:\/\/upload.wikimedia.org\/wikipedia\/commons\/thumb\/8\/8c\/Humberto_Centanaro_Gando.jpg\/300px-Humberto_Centanaro_Gando.jpg\" alt=\"\" width=\"300\" height=\"196\" \/><\/span><\/em><\/p>\n<div>\n<div><em><span style=\"color: #000000\"><img loading=\"lazy\" decoding=\"async\" src=\"http:\/\/bits.wikimedia.org\/static-1.21wmf1\/skins\/common\/images\/magnify-clip.png\" alt=\"\" width=\"15\" height=\"11\" \/><\/span><\/em><\/div>\n<p><em><span style=\"color: #000000\">Sr.Humberto Centanaro Gando Ex-Alcalde de Milagro junto a Jos\u00e9 Mar\u00eda Velasco Ibarra Ex-Presidente del Ecuador<\/span><\/em><\/p>\n<\/div>\n<\/div>\n<\/div>\n<p style=\"text-align: center\"><em><span style=\"color: #000000\">Este comit\u00e9 fue el que realiz\u00f3 una intensa labor hasta conseguir la cantonizaci\u00f3n de Milagro. Este proyecto se discuti\u00f3 es sesiones ordinarias del 29 y 30 de agosto de 1.913. Los dignatarios del Congreso firman el decreto el d\u00eda 15 de septiembre y el Presidente ocasional General Leonidas Plaza Guti\u00e9rrez, firma el ejec\u00fatese del Decreto el 17 de septiembre de 1.913 Apenas el pueblo de Milagro conoci\u00f3 la cantonizaci\u00f3n se lanz\u00f3 a las calles a exteriorizar su satisfacci\u00f3n, alegr\u00eda y regocijo por la nueva que recib\u00eda.<\/span><\/em><\/p>\n<p><em><span style=\"color: #000000\">Alcaldes que ha tenido Milagro\u00a0:<\/span><\/em><\/p>\n<ul>\n<li><em><span style=\"color: #000000\">Sr. Humberto Centanaro Gando 1.980 - 1.984<\/span><\/em><\/li>\n<li><em><span style=\"color: #000000\">Lcdo.Tom\u00e1s D\u00e1vila Freire 1.984 - 1.988<\/span><\/em><\/li>\n<li><em><span style=\"color: #000000\">Sr. Humberto Centanaro Gando 1.988 - 1.992<\/span><\/em><\/li>\n<li><em><span style=\"color: #000000\">Ing. Lister Andrade Ortega 1.992 - 2.000<\/span><\/em><\/li>\n<li><em><span style=\"color: #000000\">Ing. Jacobo Bucaram Ortiz 2.000 - 2.002<\/span><\/em><\/li>\n<li><em><span style=\"color: #000000\">Ing. Iv\u00e1n Coello 2.002 - 2.004<\/span><\/em><\/li>\n<li><em><span style=\"color: #000000\">Ing. Francisco As\u00e1n Wonsang 2.004 - 2.012<\/span><\/em><\/li>\n<\/ul>\n","protected":false},"excerpt":{"rendered":"<p>San Francisco de Milagro o simplemente Milagro, es un canton de la provincia del Guayas de la Rep\u00fablica del Ecuador. Est\u00e1 situada en el sudoeste del pa\u00eds, en las riberas del r\u00edo hom\u00f3nimo. Es la cabecera cantonal del Cant\u00f3n Milagro \u00c9poca Prehisp\u00e1nica Milagro es una zona tropical y fue habitada desde hace miles de a\u00f1os [&hellip;]<\/p>\n","protected":false},"author":8097,"featured_media":0,"comment_status":"open","ping_status":"open","sticky":false,"template":"","format":"standard","meta":{"footnotes":""},"categories":[818],"tags":[],"class_list":["post-34","post","type-post","status-publish","format-standard","hentry","category-sin-categoria"],"_links":{"self":[{"href":"https:\/\/blog.espol.edu.ec\/edanzhun\/wp-json\/wp\/v2\/posts\/34","targetHints":{"allow":["GET"]}}],"collection":[{"href":"https:\/\/blog.espol.edu.ec\/edanzhun\/wp-json\/wp\/v2\/posts"}],"about":[{"href":"https:\/\/blog.espol.edu.ec\/edanzhun\/wp-json\/wp\/v2\/types\/post"}],"author":[{"embeddable":true,"href":"https:\/\/blog.espol.edu.ec\/edanzhun\/wp-json\/wp\/v2\/users\/8097"}],"replies":[{"embeddable":true,"href":"https:\/\/blog.espol.edu.ec\/edanzhun\/wp-json\/wp\/v2\/comments?post=34"}],"version-history":[{"count":8,"href":"https:\/\/blog.espol.edu.ec\/edanzhun\/wp-json\/wp\/v2\/posts\/34\/revisions"}],"predecessor-version":[{"id":98,"href":"https:\/\/blog.espol.edu.ec\/edanzhun\/wp-json\/wp\/v2\/posts\/34\/revisions\/98"}],"wp:attachment":[{"href":"https:\/\/blog.espol.edu.ec\/edanzhun\/wp-json\/wp\/v2\/media?parent=34"}],"wp:term":[{"taxonomy":"category","embeddable":true,"href":"https:\/\/blog.espol.edu.ec\/edanzhun\/wp-json\/wp\/v2\/categories?post=34"},{"taxonomy":"post_tag","embeddable":true,"href":"https:\/\/blog.espol.edu.ec\/edanzhun\/wp-json\/wp\/v2\/tags?post=34"}],"curies":[{"name":"wp","href":"https:\/\/api.w.org\/{rel}","templated":true}]}}