{"id":1507,"date":"2019-01-04T16:11:28","date_gmt":"2019-01-04T21:11:28","guid":{"rendered":"http:\/\/blog.espol.edu.ec\/edelros\/?p=1507"},"modified":"2019-01-04T16:11:28","modified_gmt":"2019-01-04T21:11:28","slug":"arreglo-de-capacitores-y-resistencias","status":"publish","type":"post","link":"https:\/\/blog.espol.edu.ec\/edelros\/arreglo-de-capacitores-y-resistencias\/","title":{"rendered":"Arreglo de capacitores y resistencias"},"content":{"rendered":"<p>Para observar varias curvas de carga y descarga del capacitor, se propone usar un arreglo de capacitores y resistencias.<\/p>\n<p>Los capacitores se encuentran en paralelo para realizar la variaci\u00f3n de capacitancia total. Si se desconecta uno de ellos la capacitancia total es la suma de solo los que quedan conectados.<\/p>\n<p>En el caso de las resistencias, se propone variar la resistencia de descarga, Se presentan resistencias en serie para disponer puntos de valores intermedios. otras estan en paralelo para tomar los valores de solo una de ellas al ser conectadas.<\/p>\n<p>Con \u00e9sto se lograr\u00e1 observar diferentes datos de descarga, en n\u00fameros y visualizaci\u00f3n de curvas.<\/p>\n<p><strong><em>Esquematico<\/em><\/strong><\/p>\n<p><a href=\"http:\/\/blog.espol.edu.ec\/edelros\/files\/2019\/01\/CargaDescarga_esquematico01.png\"><img loading=\"lazy\" decoding=\"async\" class=\"alignnone size-full wp-image-1508\" src=\"http:\/\/blog.espol.edu.ec\/edelros\/files\/2019\/01\/CargaDescarga_esquematico01.png\" alt=\"\" width=\"1146\" height=\"801\" srcset=\"https:\/\/blog.espol.edu.ec\/edelros\/files\/2019\/01\/CargaDescarga_esquematico01.png 1146w, https:\/\/blog.espol.edu.ec\/edelros\/files\/2019\/01\/CargaDescarga_esquematico01-300x210.png 300w, https:\/\/blog.espol.edu.ec\/edelros\/files\/2019\/01\/CargaDescarga_esquematico01-768x537.png 768w, https:\/\/blog.espol.edu.ec\/edelros\/files\/2019\/01\/CargaDescarga_esquematico01-1024x716.png 1024w\" sizes=\"auto, (max-width: 1146px) 100vw, 1146px\" \/><\/a><\/p>\n<p><strong><em>Protoboard<\/em><\/strong><\/p>\n<p><a href=\"http:\/\/blog.espol.edu.ec\/edelros\/files\/2019\/01\/CargaDescarga_proto01.png\"><img loading=\"lazy\" decoding=\"async\" class=\"alignnone size-full wp-image-1509\" src=\"http:\/\/blog.espol.edu.ec\/edelros\/files\/2019\/01\/CargaDescarga_proto01.png\" alt=\"\" width=\"1755\" height=\"1326\" srcset=\"https:\/\/blog.espol.edu.ec\/edelros\/files\/2019\/01\/CargaDescarga_proto01.png 1755w, https:\/\/blog.espol.edu.ec\/edelros\/files\/2019\/01\/CargaDescarga_proto01-300x227.png 300w, https:\/\/blog.espol.edu.ec\/edelros\/files\/2019\/01\/CargaDescarga_proto01-768x580.png 768w, https:\/\/blog.espol.edu.ec\/edelros\/files\/2019\/01\/CargaDescarga_proto01-1024x774.png 1024w\" sizes=\"auto, (max-width: 1755px) 100vw, 1755px\" \/><\/a><\/p>\n<p>&nbsp;<\/p>\n","protected":false},"excerpt":{"rendered":"<p>Para observar varias curvas de carga y descarga del capacitor, se propone usar un arreglo de capacitores y resistencias. Los capacitores se encuentran en paralelo para realizar la variaci\u00f3n de capacitancia total. Si se desconecta uno de ellos la capacitancia total es la suma de solo los que quedan conectados. En el caso de las &hellip; <a href=\"https:\/\/blog.espol.edu.ec\/edelros\/arreglo-de-capacitores-y-resistencias\/\" class=\"more-link\">Sigue leyendo <span class=\"screen-reader-text\">Arreglo de capacitores y resistencias<\/span><\/a><\/p>\n","protected":false},"author":8043,"featured_media":0,"comment_status":"closed","ping_status":"open","sticky":false,"template":"","format":"standard","meta":{"footnotes":""},"categories":[1429785],"tags":[],"class_list":["post-1507","post","type-post","status-publish","format-standard","hentry","category-capacitor-carga-descarga"],"_links":{"self":[{"href":"https:\/\/blog.espol.edu.ec\/edelros\/wp-json\/wp\/v2\/posts\/1507","targetHints":{"allow":["GET"]}}],"collection":[{"href":"https:\/\/blog.espol.edu.ec\/edelros\/wp-json\/wp\/v2\/posts"}],"about":[{"href":"https:\/\/blog.espol.edu.ec\/edelros\/wp-json\/wp\/v2\/types\/post"}],"author":[{"embeddable":true,"href":"https:\/\/blog.espol.edu.ec\/edelros\/wp-json\/wp\/v2\/users\/8043"}],"replies":[{"embeddable":true,"href":"https:\/\/blog.espol.edu.ec\/edelros\/wp-json\/wp\/v2\/comments?post=1507"}],"version-history":[{"count":1,"href":"https:\/\/blog.espol.edu.ec\/edelros\/wp-json\/wp\/v2\/posts\/1507\/revisions"}],"predecessor-version":[{"id":1510,"href":"https:\/\/blog.espol.edu.ec\/edelros\/wp-json\/wp\/v2\/posts\/1507\/revisions\/1510"}],"wp:attachment":[{"href":"https:\/\/blog.espol.edu.ec\/edelros\/wp-json\/wp\/v2\/media?parent=1507"}],"wp:term":[{"taxonomy":"category","embeddable":true,"href":"https:\/\/blog.espol.edu.ec\/edelros\/wp-json\/wp\/v2\/categories?post=1507"},{"taxonomy":"post_tag","embeddable":true,"href":"https:\/\/blog.espol.edu.ec\/edelros\/wp-json\/wp\/v2\/tags?post=1507"}],"curies":[{"name":"wp","href":"https:\/\/api.w.org\/{rel}","templated":true}]}}