{"id":25,"date":"2010-06-14T20:34:18","date_gmt":"2010-06-14T20:34:18","guid":{"rendered":"http:\/\/blog.espol.edu.ec\/edieller\/?p=25"},"modified":"2010-06-14T20:35:35","modified_gmt":"2010-06-14T20:35:35","slug":"expo-tunning-de-audio","status":"publish","type":"post","link":"https:\/\/blog.espol.edu.ec\/edieller\/2010\/06\/14\/expo-tunning-de-audio\/","title":{"rendered":"Expo tunning de audio"},"content":{"rendered":"<div id=\"attachment_26\" style=\"width: 259px\" class=\"wp-caption alignnone\"><a href=\"http:\/\/blog.espol.edu.ec\/edieller\/files\/2010\/06\/tunning.jpg\"><img loading=\"lazy\" decoding=\"async\" aria-describedby=\"caption-attachment-26\" class=\"size-medium wp-image-26 \" title=\"tunning\" src=\"http:\/\/blog.espol.edu.ec\/edieller\/files\/2010\/06\/tunning-249x300.jpg\" alt=\"\" width=\"249\" height=\"300\" srcset=\"https:\/\/blog.espol.edu.ec\/edieller\/files\/2010\/06\/tunning-249x300.jpg 249w, https:\/\/blog.espol.edu.ec\/edieller\/files\/2010\/06\/tunning.jpg 625w\" sizes=\"auto, (max-width: 249px) 100vw, 249px\" \/><\/a><p id=\"caption-attachment-26\" class=\"wp-caption-text\">audio <\/p><\/div>\n<p>El Tercer Sal\u00f3n Internacional del Tuning y Car Audio tiene una gran ventaja en comparaci\u00f3n con los dem\u00e1s eventos y es que se lleva a cabo en un recinto ferial de gran calidad y con todas las comodidades para competidores, expositores y visitantes.<br \/>\n\u00a0<br \/>\nUn show es de gran atractivo para los amantes de los autos modificados ya que los propietarios y profesionales del tuning podr\u00e1n competir por m\u00e1s de $160,000 pesos de premios en efectivo, en las categor\u00edas ultimate, street y SPL (car audio); destacando est\u00e9tica automotriz, dise\u00f1o interior y exterior, performance, motor, sonido, seguridad, suspensi\u00f3n y frenos.<\/p>\n<p>Los concursos ser\u00e1n calificados imparcial y profesionalmente por IASCA (International Auto Sound Challenge Association) y tendr\u00e1n un valor XXX triple punto. Adicionalmente y por primera vez, se realizar\u00e1 una competencia de motos scooter tuneadas, con una motocicleta nueva de premio para el primer lugar.<\/p>\n<p>Se podr\u00e1n admirar autos deportivos, en exhibici\u00f3n permanente y motocicletas customizadas, por algunos de los mejores artistas de M\u00e9xico, en esta especialidad. El \u00e1rea comercial contar\u00e1 con las m\u00e1s reconocidas marcas, incluyendo equipamiento, accesorios, refacciones, servicios y literatura especializada.<\/p>\n","protected":false},"excerpt":{"rendered":"<p>El Tercer Sal\u00f3n Internacional del Tuning y Car Audio tiene una gran ventaja en comparaci\u00f3n con los dem\u00e1s eventos y es que se lleva a cabo en un recinto ferial de gran calidad y con todas las comodidades para competidores, expositores y visitantes. \u00a0 Un show es de gran atractivo para los amantes de los [&hellip;]<\/p>\n","protected":false},"author":4608,"featured_media":0,"comment_status":"open","ping_status":"open","sticky":false,"template":"","format":"standard","meta":{"footnotes":""},"categories":[1],"tags":[],"class_list":["post-25","post","type-post","status-publish","format-standard","hentry","category-uncategorized"],"_links":{"self":[{"href":"https:\/\/blog.espol.edu.ec\/edieller\/wp-json\/wp\/v2\/posts\/25","targetHints":{"allow":["GET"]}}],"collection":[{"href":"https:\/\/blog.espol.edu.ec\/edieller\/wp-json\/wp\/v2\/posts"}],"about":[{"href":"https:\/\/blog.espol.edu.ec\/edieller\/wp-json\/wp\/v2\/types\/post"}],"author":[{"embeddable":true,"href":"https:\/\/blog.espol.edu.ec\/edieller\/wp-json\/wp\/v2\/users\/4608"}],"replies":[{"embeddable":true,"href":"https:\/\/blog.espol.edu.ec\/edieller\/wp-json\/wp\/v2\/comments?post=25"}],"version-history":[{"count":3,"href":"https:\/\/blog.espol.edu.ec\/edieller\/wp-json\/wp\/v2\/posts\/25\/revisions"}],"predecessor-version":[{"id":28,"href":"https:\/\/blog.espol.edu.ec\/edieller\/wp-json\/wp\/v2\/posts\/25\/revisions\/28"}],"wp:attachment":[{"href":"https:\/\/blog.espol.edu.ec\/edieller\/wp-json\/wp\/v2\/media?parent=25"}],"wp:term":[{"taxonomy":"category","embeddable":true,"href":"https:\/\/blog.espol.edu.ec\/edieller\/wp-json\/wp\/v2\/categories?post=25"},{"taxonomy":"post_tag","embeddable":true,"href":"https:\/\/blog.espol.edu.ec\/edieller\/wp-json\/wp\/v2\/tags?post=25"}],"curies":[{"name":"wp","href":"https:\/\/api.w.org\/{rel}","templated":true}]}}