{"id":79,"date":"2010-08-22T17:57:14","date_gmt":"2010-08-22T17:57:14","guid":{"rendered":"http:\/\/blog.espol.edu.ec\/edieller\/?p=79"},"modified":"2010-08-23T18:15:42","modified_gmt":"2010-08-23T18:15:42","slug":"audi-una-marca-de-lujo","status":"publish","type":"post","link":"https:\/\/blog.espol.edu.ec\/edieller\/2010\/08\/22\/audi-una-marca-de-lujo\/","title":{"rendered":"AUDI UNA MARCA DE LUJO"},"content":{"rendered":"<p><img loading=\"lazy\" decoding=\"async\" src=\"http:\/\/t3.gstatic.com\/images?q=tbn:ANd9GcSWv0B5JDFBuh8V6QxWmV2RBq1VNGlyNUBzhOnAxK0uzBOelLc&amp;t=1&amp;h=144&amp;w=259&amp;usg=__lJYCNbdaniNnQYred2kKZ9HOk7Q=\" alt=\"\" width=\"259\" height=\"144\" \/><img loading=\"lazy\" decoding=\"async\" src=\"http:\/\/t3.gstatic.com\/images?q=tbn:ANd9GcTUqPz054YJGTw6gp9FGdLgg0cglVQfo0JU13Nu-cfb5ATwwec&amp;t=1&amp;usg=__HA8SKKrWClsd052gA9WgfDcnRXA=\" alt=\"\" width=\"227\" height=\"129\" \/><img loading=\"lazy\" decoding=\"async\" src=\"http:\/\/t2.gstatic.com\/images?q=tbn:ANd9GcR1OO9bYeLWpqGu9i1bsFp9l2kmm4-OYjxM67ehLEtuf1IYnHk&amp;t=1&amp;usg=__9ZHK7iRDa8dXRdx1kkY33_KbjQU=\" alt=\"\" width=\"198\" height=\"138\" \/><a href=\"http:\/\/upload.wikimedia.org\/wikipedia\/commons\/5\/5a\/Audi_grill.jpg\"><img loading=\"lazy\" decoding=\"async\" src=\"http:\/\/upload.wikimedia.org\/wikipedia\/commons\/thumb\/5\/5a\/Audi_grill.jpg\/800px-Audi_grill.jpg\" alt=\"Archivo:Audi grill.jpg\" width=\"176\" height=\"130\" \/><\/a><\/p>\n<p><a title=\"August Horch\" href=\"http:\/\/es.wikipedia.org\/wiki\/August_Horch\">August Horch<\/a> (1868-1951), uno de los pioneros de la industria automovil\u00edstica alemana, fund\u00f3 en <a title=\"Colonia (Alemania)\" href=\"http:\/\/es.wikipedia.org\/wiki\/Colonia_(Alemania)\">Colonia (Alemania)<\/a>, la empresa de autos A. Horch &amp; Cie. en <a title=\"1899\" href=\"http:\/\/es.wikipedia.org\/wiki\/1899\">1899<\/a>, cuyo primer autom\u00f3vil comenz\u00f3 a circular por v\u00edas p\u00fablicas en <a title=\"1901\" href=\"http:\/\/es.wikipedia.org\/wiki\/1901\">1901<\/a>. Despu\u00e9s de algunas dificultades financieras y desavenencias internas, decidi\u00f3 abandonar la compa\u00f1\u00eda para crear una nueva f\u00e1brica de autom\u00f3viles. As\u00ed naci\u00f3 de \"August Horch Automobilwerke GmbH\" en <a title=\"Zwickau\" href=\"http:\/\/es.wikipedia.org\/wiki\/Zwickau\">Zwickau<\/a>, el 16 de julio de <a title=\"1909\" href=\"http:\/\/es.wikipedia.org\/wiki\/1909\">1909<\/a>.<sup><a href=\"http:\/\/es.wikipedia.org\/wiki\/Audi#cite_note-El_Mundo_200909-2\">[3]<\/a><\/sup> Como Horch perdi\u00f3 la disputa legal por el nombre de la compa\u00f1\u00eda, que ya estaba registrado anteriormente, no pudo volver a utilizar su apellido y escogi\u00f3 el nombre \"Audi\", la traducci\u00f3n al <a title=\"Lat\u00edn\" href=\"http:\/\/es.wikipedia.org\/wiki\/Lat%C3%ADn\">lat\u00edn<\/a> del vocablo <a title=\"Idioma alem\u00e1n\" href=\"http:\/\/es.wikipedia.org\/wiki\/Idioma_alem%C3%A1n\">alem\u00e1n<\/a> \"horch\", que en <a title=\"Idioma espa\u00f1ol\" href=\"http:\/\/es.wikipedia.org\/wiki\/Idioma_espa%C3%B1ol\">espa\u00f1ol<\/a> significa \"oye\" o \"escucha\".<sup><a href=\"http:\/\/es.wikipedia.org\/wiki\/Audi#cite_note-Terra_200907-3\">[4]<\/a><\/sup> Por ello, meses despu\u00e9s de su fundaci\u00f3n cambi\u00f3 el nombre de la compa\u00f1\u00eda a \"Audi Automobilwerke\".<\/p>\n<p>En septiembre de <a title=\"1921\" href=\"http:\/\/es.wikipedia.org\/wiki\/1921\">1921<\/a>,<sup>[<em><a title=\"Wikipedia:Verificabilidad\" href=\"http:\/\/es.wikipedia.org\/wiki\/Wikipedia:Verificabilidad\">cita\u00a0requerida<\/a><\/em>]<\/sup> Audi fue la primera compa\u00f1\u00eda automotriz en introducir la conducci\u00f3n a la izquierda, basada en una mayor visibilidad de los veh\u00edculos. Lo hizo en su modelo Audi K.<\/p>\n<p>En <a title=\"1932\" href=\"http:\/\/es.wikipedia.org\/wiki\/1932\">1932<\/a>, ambas compa\u00f1\u00edas Horch y Audi, junto con <a title=\"DKW\" href=\"http:\/\/es.wikipedia.org\/wiki\/DKW\">DKW<\/a> (fundada en 1907) y <a title=\"Wanderer (a\u00fan no redactado)\" href=\"http:\/\/es.wikipedia.org\/w\/index.php?title=Wanderer&amp;action=edit&amp;redlink=1\">Wanderer<\/a> (fundada en 1885) se fusionaron para formar Auto Union AG y poder hacer frente a las dificultades derivadas de la <a title=\"Gran Depresi\u00f3n\" href=\"http:\/\/es.wikipedia.org\/wiki\/Gran_Depresi%C3%B3n\">Gran Depresi\u00f3n<\/a> de 1929, que afectaba, principalmente a la racionalizaci\u00f3n de los procesos de producci\u00f3n y ensamblaje. El 29 de junio de 1932, naci\u00f3 el logotipo de Audi, con cuatro aros entrelazados, como s\u00edmbolo fruto de la alianza de cuatro marcas sajonas: Audi, DKW, <a title=\"Horch (a\u00fan no redactado)\" href=\"http:\/\/es.wikipedia.org\/w\/index.php?title=Horch&amp;action=edit&amp;redlink=1\">Horch<\/a> y Wanderer.<\/p>\n<p>Para evitar la competencia dentro del grupo, se asign\u00f3 a cada marca un segmento espec\u00edfico del mercado: autom\u00f3viles de lujo del segmento medio para Audi, motocicletas y coches peque\u00f1os para DKW, veh\u00edculos de tama\u00f1o medio para Wanderer y veh\u00edculos de lujo en la parte m\u00e1s alta de la gama para Horch.<\/p>\n<p>En 1941, dos a\u00f1os despu\u00e9s de comenzar la <a title=\"Segunda Guerra Mundial\" href=\"http:\/\/es.wikipedia.org\/wiki\/Segunda_Guerra_Mundial\">Segunda Guerra Mundial<\/a>, Auto Union AG produc\u00eda exclusivamente veh\u00edculos para el uso militar y el desarrollo automovil\u00edstico se vio gravemente afectado. Al finalizar la guerra, la administraci\u00f3n de la zona sovi\u00e9tica expropi\u00f3 y orden\u00f3 desmantelar todas las f\u00e1bricas de la empresa. En 1948, Auto Union AG se dio de baja en el <a title=\"Registro mercantil\" href=\"http:\/\/es.wikipedia.org\/wiki\/Registro_mercantil\">registro mercantil<\/a>.<\/p>\n","protected":false},"excerpt":{"rendered":"<p>August Horch (1868-1951), uno de los pioneros de la industria automovil\u00edstica alemana, fund\u00f3 en Colonia (Alemania), la empresa de autos A. Horch &amp; Cie. en 1899, cuyo primer autom\u00f3vil comenz\u00f3 a circular por v\u00edas p\u00fablicas en 1901. Despu\u00e9s de algunas dificultades financieras y desavenencias internas, decidi\u00f3 abandonar la compa\u00f1\u00eda para crear una nueva f\u00e1brica de [&hellip;]<\/p>\n","protected":false},"author":4608,"featured_media":0,"comment_status":"open","ping_status":"open","sticky":false,"template":"","format":"standard","meta":{"footnotes":""},"categories":[1],"tags":[],"class_list":["post-79","post","type-post","status-publish","format-standard","hentry","category-uncategorized"],"_links":{"self":[{"href":"https:\/\/blog.espol.edu.ec\/edieller\/wp-json\/wp\/v2\/posts\/79","targetHints":{"allow":["GET"]}}],"collection":[{"href":"https:\/\/blog.espol.edu.ec\/edieller\/wp-json\/wp\/v2\/posts"}],"about":[{"href":"https:\/\/blog.espol.edu.ec\/edieller\/wp-json\/wp\/v2\/types\/post"}],"author":[{"embeddable":true,"href":"https:\/\/blog.espol.edu.ec\/edieller\/wp-json\/wp\/v2\/users\/4608"}],"replies":[{"embeddable":true,"href":"https:\/\/blog.espol.edu.ec\/edieller\/wp-json\/wp\/v2\/comments?post=79"}],"version-history":[{"count":3,"href":"https:\/\/blog.espol.edu.ec\/edieller\/wp-json\/wp\/v2\/posts\/79\/revisions"}],"predecessor-version":[{"id":87,"href":"https:\/\/blog.espol.edu.ec\/edieller\/wp-json\/wp\/v2\/posts\/79\/revisions\/87"}],"wp:attachment":[{"href":"https:\/\/blog.espol.edu.ec\/edieller\/wp-json\/wp\/v2\/media?parent=79"}],"wp:term":[{"taxonomy":"category","embeddable":true,"href":"https:\/\/blog.espol.edu.ec\/edieller\/wp-json\/wp\/v2\/categories?post=79"},{"taxonomy":"post_tag","embeddable":true,"href":"https:\/\/blog.espol.edu.ec\/edieller\/wp-json\/wp\/v2\/tags?post=79"}],"curies":[{"name":"wp","href":"https:\/\/api.w.org\/{rel}","templated":true}]}}