{"id":10,"date":"2009-06-18T17:00:24","date_gmt":"2009-06-18T22:00:24","guid":{"rendered":"http:\/\/blog.espol.edu.ec\/eldo\/?p=10"},"modified":"2009-06-18T17:00:24","modified_gmt":"2009-06-18T22:00:24","slug":"%c2%a1%c2%a1nueva-contratacion-de-liga-de-quito","status":"publish","type":"post","link":"https:\/\/blog.espol.edu.ec\/eldo\/2009\/06\/18\/%c2%a1%c2%a1nueva-contratacion-de-liga-de-quito\/","title":{"rendered":"\u00a1\u00a1Nueva Contrataci\u00f3n de Liga de Quito!!"},"content":{"rendered":"<p>El volante ecuatoriano Cristian \"el diablito\" Lara fue presentado ayer en Quito por la ma\u00f1ana por el dirigente Esteban Paz aduciendo que es la nueva contrataci\u00f3n para los partidos que liga tiene que jugar en espa\u00f1a y para la segunda oarte del campeonato nacional de f\u00fatbol<br \/>\n<img decoding=\"async\" src=\"http:\/\/www.eldiario.com.ec\/fotos-manabi-ecuador\/manabi-ecuador\/t_1231164517.jpg\" \/><\/p>\n","protected":false},"excerpt":{"rendered":"<p>El volante ecuatoriano Cristian \"el diablito\" Lara fue presentado ayer en Quito por la ma\u00f1ana por el dirigente Esteban Paz aduciendo que es la nueva contrataci\u00f3n para los partidos que liga tiene que jugar en espa\u00f1a y para la segunda oarte del campeonato nacional de f\u00fatbol<\/p>\n","protected":false},"author":2448,"featured_media":0,"comment_status":"open","ping_status":"open","sticky":false,"template":"","format":"standard","meta":{"footnotes":""},"categories":[1],"tags":[],"class_list":["post-10","post","type-post","status-publish","format-standard","hentry","category-uncategorized"],"_links":{"self":[{"href":"https:\/\/blog.espol.edu.ec\/eldo\/wp-json\/wp\/v2\/posts\/10","targetHints":{"allow":["GET"]}}],"collection":[{"href":"https:\/\/blog.espol.edu.ec\/eldo\/wp-json\/wp\/v2\/posts"}],"about":[{"href":"https:\/\/blog.espol.edu.ec\/eldo\/wp-json\/wp\/v2\/types\/post"}],"author":[{"embeddable":true,"href":"https:\/\/blog.espol.edu.ec\/eldo\/wp-json\/wp\/v2\/users\/2448"}],"replies":[{"embeddable":true,"href":"https:\/\/blog.espol.edu.ec\/eldo\/wp-json\/wp\/v2\/comments?post=10"}],"version-history":[{"count":1,"href":"https:\/\/blog.espol.edu.ec\/eldo\/wp-json\/wp\/v2\/posts\/10\/revisions"}],"predecessor-version":[{"id":11,"href":"https:\/\/blog.espol.edu.ec\/eldo\/wp-json\/wp\/v2\/posts\/10\/revisions\/11"}],"wp:attachment":[{"href":"https:\/\/blog.espol.edu.ec\/eldo\/wp-json\/wp\/v2\/media?parent=10"}],"wp:term":[{"taxonomy":"category","embeddable":true,"href":"https:\/\/blog.espol.edu.ec\/eldo\/wp-json\/wp\/v2\/categories?post=10"},{"taxonomy":"post_tag","embeddable":true,"href":"https:\/\/blog.espol.edu.ec\/eldo\/wp-json\/wp\/v2\/tags?post=10"}],"curies":[{"name":"wp","href":"https:\/\/api.w.org\/{rel}","templated":true}]}}