{"id":20,"date":"2009-06-18T17:24:32","date_gmt":"2009-06-18T22:24:32","guid":{"rendered":"http:\/\/blog.espol.edu.ec\/eldo\/?p=20"},"modified":"2009-06-18T17:24:32","modified_gmt":"2009-06-18T22:24:32","slug":"pantallas-oled-de-sony-para-2009","status":"publish","type":"post","link":"https:\/\/blog.espol.edu.ec\/eldo\/2009\/06\/18\/pantallas-oled-de-sony-para-2009\/","title":{"rendered":"Pantallas OLED de Sony, para 2009"},"content":{"rendered":"<p>Poco a poco, muy poco a poco van llegando las pantallas OLED al mercado. Actualmente conocemos varias noticias acerca de ellas, y sabemos que lo que se est\u00e1 vendiendo es, adem\u00e1s de extremadamente caro, peque\u00f1o.<br \/>\nLas impresionantes caracter\u00edsticas de las OLED ya las hemos comendado en otras ocasiones, y esta vez parece que Sony va a iniciar una inversi\u00f3n de 210 millones de d\u00f3lares para permitir fabricar en masa pantallas OLED de tama\u00f1o mediano, las cuales estar\u00edan disponibles para su distribuci\u00f3n ya en abril del 2009, seg\u00fan el comentario de un dirigente de Sony en el SID 2008.<br \/>\n<img decoding=\"async\" src=\"http:\/\/bp1.blogger.com\/_qjjcWCoQmAw\/SEMcs8WRFaI\/AAAAAAAAAx4\/PLdwjAhXLLk\/s1600-h\/blogs.jpg\" alt=\"Lo nuevo\" \/><\/p>\n","protected":false},"excerpt":{"rendered":"<p>Poco a poco, muy poco a poco van llegando las pantallas OLED al mercado. Actualmente conocemos varias noticias acerca de ellas, y sabemos que lo que se est\u00e1 vendiendo es, adem\u00e1s de extremadamente caro, peque\u00f1o. Las impresionantes caracter\u00edsticas de las OLED ya las hemos comendado en otras ocasiones, y esta vez parece que Sony va [&hellip;]<\/p>\n","protected":false},"author":2448,"featured_media":0,"comment_status":"open","ping_status":"open","sticky":false,"template":"","format":"standard","meta":{"footnotes":""},"categories":[1],"tags":[296],"class_list":["post-20","post","type-post","status-publish","format-standard","hentry","category-uncategorized","tag-tecnologia"],"_links":{"self":[{"href":"https:\/\/blog.espol.edu.ec\/eldo\/wp-json\/wp\/v2\/posts\/20","targetHints":{"allow":["GET"]}}],"collection":[{"href":"https:\/\/blog.espol.edu.ec\/eldo\/wp-json\/wp\/v2\/posts"}],"about":[{"href":"https:\/\/blog.espol.edu.ec\/eldo\/wp-json\/wp\/v2\/types\/post"}],"author":[{"embeddable":true,"href":"https:\/\/blog.espol.edu.ec\/eldo\/wp-json\/wp\/v2\/users\/2448"}],"replies":[{"embeddable":true,"href":"https:\/\/blog.espol.edu.ec\/eldo\/wp-json\/wp\/v2\/comments?post=20"}],"version-history":[{"count":1,"href":"https:\/\/blog.espol.edu.ec\/eldo\/wp-json\/wp\/v2\/posts\/20\/revisions"}],"predecessor-version":[{"id":21,"href":"https:\/\/blog.espol.edu.ec\/eldo\/wp-json\/wp\/v2\/posts\/20\/revisions\/21"}],"wp:attachment":[{"href":"https:\/\/blog.espol.edu.ec\/eldo\/wp-json\/wp\/v2\/media?parent=20"}],"wp:term":[{"taxonomy":"category","embeddable":true,"href":"https:\/\/blog.espol.edu.ec\/eldo\/wp-json\/wp\/v2\/categories?post=20"},{"taxonomy":"post_tag","embeddable":true,"href":"https:\/\/blog.espol.edu.ec\/eldo\/wp-json\/wp\/v2\/tags?post=20"}],"curies":[{"name":"wp","href":"https:\/\/api.w.org\/{rel}","templated":true}]}}