{"id":25,"date":"2009-06-23T17:44:30","date_gmt":"2009-06-23T22:44:30","guid":{"rendered":"http:\/\/blog.espol.edu.ec\/eldo\/?p=25"},"modified":"2009-06-23T17:44:30","modified_gmt":"2009-06-23T22:44:30","slug":"los-ninos-estan-peleados","status":"publish","type":"post","link":"https:\/\/blog.espol.edu.ec\/eldo\/2009\/06\/23\/los-ninos-estan-peleados\/","title":{"rendered":"Los ni\u00f1os est\u00e1n peleados!!!"},"content":{"rendered":"<p><img loading=\"lazy\" decoding=\"async\" src=\"http:\/\/blog.espol.edu.ec\/eldo\/files\/2009\/06\/pablo-y-derlis-300x190.jpg\" alt=\"pablo-y-derlis\" width=\"300\" height=\"190\" class=\"alignnone size-medium wp-image-24\" srcset=\"https:\/\/blog.espol.edu.ec\/eldo\/files\/2009\/06\/pablo-y-derlis-300x190.jpg 300w, https:\/\/blog.espol.edu.ec\/eldo\/files\/2009\/06\/pablo-y-derlis.jpg 600w\" sizes=\"auto, (max-width: 300px) 100vw, 300px\" \/>Ya para nadie es oculto que los delanteros de Barcelona, Derlis Florent\u00edn y Pablo Palacios tienen diferencias personales que est\u00e1n perjudicando al equipo.<\/p>\n<p>Tanto Palacios como Florent\u00edn han declarado p\u00fablicamente que se sienten \"solos en el ataque\". Ya d\u00e9jense de tonter\u00edas y sean m\u00e1s profesionales porque el \u00fanico perjudicado de sus ego\u00edsmos es Barcelona.<\/p>\n<p>Fue evidente durante el partido contra Macar\u00e1, espec\u00edficamente en el minuto 21, por ejemplo, que Palacios no le quiso pasar la pelota a Florent\u00edn, que se encontraba s\u00f3lo a su derecha y sin marca; prefiri\u00f3 hacer el enganche hacia la izquierda y luego perdi\u00f3 el bal\u00f3n con los defensas rivales.<\/p>\n<p>No pueden hacer lo que les da la gana. Son un E-QUI-PO y tienen que trabajar en equipo, apoy\u00e1ndose los unos a los otros, dejando de lado los intereses personales y pensando en el bien de todos los que formamos Barcelona.<\/p>\n<p>Por favor Pablo y Derlis, a dejar de lado las diferencias y a pensar en el equipo. La hinchada se los va a agradecer. <\/p>\n","protected":false},"excerpt":{"rendered":"<p>Ya para nadie es oculto que los delanteros de Barcelona, Derlis Florent\u00edn y Pablo Palacios tienen diferencias personales que est\u00e1n perjudicando al equipo. Tanto Palacios como Florent\u00edn han declarado p\u00fablicamente que se sienten \"solos en el ataque\". Ya d\u00e9jense de tonter\u00edas y sean m\u00e1s profesionales porque el \u00fanico perjudicado de sus ego\u00edsmos es Barcelona. Fue [&hellip;]<\/p>\n","protected":false},"author":2448,"featured_media":0,"comment_status":"open","ping_status":"open","sticky":false,"template":"","format":"standard","meta":{"footnotes":""},"categories":[1],"tags":[],"class_list":["post-25","post","type-post","status-publish","format-standard","hentry","category-uncategorized"],"_links":{"self":[{"href":"https:\/\/blog.espol.edu.ec\/eldo\/wp-json\/wp\/v2\/posts\/25","targetHints":{"allow":["GET"]}}],"collection":[{"href":"https:\/\/blog.espol.edu.ec\/eldo\/wp-json\/wp\/v2\/posts"}],"about":[{"href":"https:\/\/blog.espol.edu.ec\/eldo\/wp-json\/wp\/v2\/types\/post"}],"author":[{"embeddable":true,"href":"https:\/\/blog.espol.edu.ec\/eldo\/wp-json\/wp\/v2\/users\/2448"}],"replies":[{"embeddable":true,"href":"https:\/\/blog.espol.edu.ec\/eldo\/wp-json\/wp\/v2\/comments?post=25"}],"version-history":[{"count":1,"href":"https:\/\/blog.espol.edu.ec\/eldo\/wp-json\/wp\/v2\/posts\/25\/revisions"}],"predecessor-version":[{"id":26,"href":"https:\/\/blog.espol.edu.ec\/eldo\/wp-json\/wp\/v2\/posts\/25\/revisions\/26"}],"wp:attachment":[{"href":"https:\/\/blog.espol.edu.ec\/eldo\/wp-json\/wp\/v2\/media?parent=25"}],"wp:term":[{"taxonomy":"category","embeddable":true,"href":"https:\/\/blog.espol.edu.ec\/eldo\/wp-json\/wp\/v2\/categories?post=25"},{"taxonomy":"post_tag","embeddable":true,"href":"https:\/\/blog.espol.edu.ec\/eldo\/wp-json\/wp\/v2\/tags?post=25"}],"curies":[{"name":"wp","href":"https:\/\/api.w.org\/{rel}","templated":true}]}}