{"id":35,"date":"2014-05-29T21:44:57","date_gmt":"2014-05-29T21:44:57","guid":{"rendered":"http:\/\/blog.espol.edu.ec\/elvisleon\/?p=35"},"modified":"2014-05-29T21:44:57","modified_gmt":"2014-05-29T21:44:57","slug":"un-poco-de-historia","status":"publish","type":"post","link":"https:\/\/blog.espol.edu.ec\/elvisleon\/2014\/05\/29\/un-poco-de-historia\/","title":{"rendered":"Un poco de historia...."},"content":{"rendered":"<p>Antiguamente fue el recinto <b>Sabaneta<\/b>, que al dictarse la Ley de Divisi\u00f3n Territorial de Colombia del 25 de junio de 1824 pas\u00f3 a formar parte del cant\u00f3n Babahoyo, que entonces integraba la provincia del Guayas. En 1860, al crearse la provincia de Los R\u00edos pas\u00f3 -junto con Babahoyo- a formar parte de esa nueva jurisdicci\u00f3n.<\/p>\n<p>En 1904 se form\u00f3 un comit\u00e9 para lograr su parroquializaci\u00f3n, y gracias a las gestiones realizadas por Rosendo Aguilar, Rafael Carrillo, Alfonso S\u00e1nchez, Ponciano y Miguel Flor y Antonio Rivadeneira Flor, el Gral. Eloy Alfaro firm\u00f3 el decreto correspondiente, que adem\u00e1s le dio el nombre del c\u00e9lebre escritor ambate\u00f1o, y que fue publicado en el Registro Oficial No. 122 del 4 de julio de 1906.<\/p>\n<p>La parroquia creci\u00f3 y se desarroll\u00f3 hasta adquirir importancia tanto por su comercio como por su producci\u00f3n agr\u00edcola, y el 18 de abril de 1984 el Plenario de las Comisiones Legislativas Permanentes expidi\u00f3 el decreto de su cantonizaci\u00f3n, que luego de ser sancionado por el Presidente de la Rep\u00fablica, Dr. Osvaldo Hurtado Larrea, fue publicado en el Registro Oficial No. 731 del 25 del mismo mes y a\u00f1o. Posteriormente y con el prop\u00f3sito de evitar los problemas de la estaci\u00f3n invernal, el Municipio traslad\u00f3 la celebraci\u00f3n al 17 de agosto, d\u00eda en que se instal\u00f3 el primer cabildo. Este cant\u00f3n est\u00e1 ubicado en la antigua \u00abV\u00eda Flores\u00bb que conduce de Babahoyo a Guaranda, goza de un agradable clima y est\u00e1 cruzado por numerosos r\u00edos que riegan y fertilizan sus tierras haci\u00e9ndolas muy aptas para la agricultura.<\/p>\n<p>Montalvo tiene gran n\u00famero de iglesias, capillas y santuarios que en \u00e9l existen, dedicados al Divino Ni\u00f1o, a San Miguel, a Santa Mar\u00eda, a Santa Marianita, al Se\u00f1or de la Salud, al Hermano Miguel y a la Virgen de los Remedios, entre otros. El padre Vicente Rojas, p\u00e1rroco de este cant\u00f3n a principios del siglo XXI, sosten\u00eda que esta devoci\u00f3n cristiana se deb\u00eda a una herencia de los ancestros serranos de los pobladores de la regi\u00f3n, amantes de las im\u00e1genes y las aguas benditas.<\/p>\n","protected":false},"excerpt":{"rendered":"<p>Antiguamente fue el recinto Sabaneta, que al dictarse la Ley de Divisi\u00f3n Territorial de Colombia del 25 de junio de 1824 pas\u00f3 a formar parte del cant\u00f3n Babahoyo, que entonces integraba la provincia del Guayas. En 1860, al crearse la provincia de Los R\u00edos pas\u00f3 -junto con Babahoyo- a formar parte de esa nueva jurisdicci\u00f3n. &hellip; <\/p>\n<p><a class=\"more-link btn\" href=\"https:\/\/blog.espol.edu.ec\/elvisleon\/2014\/05\/29\/un-poco-de-historia\/\">Seguir leyendo<\/a><\/p>\n","protected":false},"author":9001,"featured_media":0,"comment_status":"open","ping_status":"open","sticky":false,"template":"","format":"standard","meta":{"footnotes":""},"categories":[818],"tags":[],"class_list":["post-35","post","type-post","status-publish","format-standard","hentry","category-sin-categoria","item-wrap"],"_links":{"self":[{"href":"https:\/\/blog.espol.edu.ec\/elvisleon\/wp-json\/wp\/v2\/posts\/35","targetHints":{"allow":["GET"]}}],"collection":[{"href":"https:\/\/blog.espol.edu.ec\/elvisleon\/wp-json\/wp\/v2\/posts"}],"about":[{"href":"https:\/\/blog.espol.edu.ec\/elvisleon\/wp-json\/wp\/v2\/types\/post"}],"author":[{"embeddable":true,"href":"https:\/\/blog.espol.edu.ec\/elvisleon\/wp-json\/wp\/v2\/users\/9001"}],"replies":[{"embeddable":true,"href":"https:\/\/blog.espol.edu.ec\/elvisleon\/wp-json\/wp\/v2\/comments?post=35"}],"version-history":[{"count":1,"href":"https:\/\/blog.espol.edu.ec\/elvisleon\/wp-json\/wp\/v2\/posts\/35\/revisions"}],"predecessor-version":[{"id":36,"href":"https:\/\/blog.espol.edu.ec\/elvisleon\/wp-json\/wp\/v2\/posts\/35\/revisions\/36"}],"wp:attachment":[{"href":"https:\/\/blog.espol.edu.ec\/elvisleon\/wp-json\/wp\/v2\/media?parent=35"}],"wp:term":[{"taxonomy":"category","embeddable":true,"href":"https:\/\/blog.espol.edu.ec\/elvisleon\/wp-json\/wp\/v2\/categories?post=35"},{"taxonomy":"post_tag","embeddable":true,"href":"https:\/\/blog.espol.edu.ec\/elvisleon\/wp-json\/wp\/v2\/tags?post=35"}],"curies":[{"name":"wp","href":"https:\/\/api.w.org\/{rel}","templated":true}]}}