{"id":46,"date":"2010-07-01T21:20:18","date_gmt":"2010-07-01T21:20:18","guid":{"rendered":"http:\/\/blog.espol.edu.ec\/elvssant\/?p=46"},"modified":"2010-07-01T21:22:26","modified_gmt":"2010-07-01T21:22:26","slug":"figo-un-capitan-debe-dar-la-cara-por-el-grupo","status":"publish","type":"post","link":"https:\/\/blog.espol.edu.ec\/elvssant\/2010\/07\/01\/figo-un-capitan-debe-dar-la-cara-por-el-grupo\/","title":{"rendered":"Figo: \"Un capit\u00e1n debe dar la cara por el grupo\""},"content":{"rendered":"<p style=\"text-align: center\"><a href=\"http:\/\/blog.espol.edu.ec\/elvssant\/files\/2010\/07\/cristianointerna_20100630135433_0_0.jpg\"><img loading=\"lazy\" decoding=\"async\" class=\"size-medium wp-image-47  aligncenter\" title=\"cristianointerna_20100630135433_0_0\" src=\"http:\/\/blog.espol.edu.ec\/elvssant\/files\/2010\/07\/cristianointerna_20100630135433_0_0-300x145.jpg\" alt=\"\" width=\"300\" height=\"145\" srcset=\"https:\/\/blog.espol.edu.ec\/elvssant\/files\/2010\/07\/cristianointerna_20100630135433_0_0-300x145.jpg 300w, https:\/\/blog.espol.edu.ec\/elvssant\/files\/2010\/07\/cristianointerna_20100630135433_0_0.jpg 620w\" sizes=\"auto, (max-width: 300px) 100vw, 300px\" \/><\/a><\/p>\n<p style=\"text-align: center\">\u00a0<\/p>\n<p style=\"text-align: center\">El ex capit\u00e1n de la selecci\u00f3n portuguesa Luis Figo critic\u00f3 hoy al astro Cristiano Ronaldo, actual capit\u00e1n, por su actitud tras la eliminaci\u00f3n de los lusos en Sud\u00e1frica 2010.<\/p>\n<p style=\"text-align: center\">\n\"Mi idea de lo que es un capit\u00e1n puede ser diferente de algunas personas, pero un capit\u00e1n, m\u00e1s all\u00e1 del \u00e9xito o del fracaso, debe defender siempre al grupo. En los momentos dif\u00edciles debe dar la cara por el grupo\", dijo Figo en declaraciones publicadas hoy por el diario deportivo \"Record\" en su edicion online.<\/p>\n<p style=\"text-align: center\">Ronaldo abandon\u00f3 r\u00e1pidamente la cancha tras la derrota por un 1-0 contra Espa\u00f1a en octavos de final del Mundial, sin esperar al resto de sus compa\u00f1eros.<\/p>\n<p style=\"text-align: center\">\u00a0<\/p>\n<p style=\"text-align: center\">Cuando se le pregunt\u00f3 por la eliminaci\u00f3n, respondi\u00f3 con un seco: \"Preg\u00fantenle a Queiroz\", apuntando al entrenador.<\/p>\n<p style=\"text-align: center\">Luego emiti\u00f3 un comunicado diciendo que se sent\u00eda \"destrozado\" por la derrota.<\/p>\n<p style=\"text-align: center\">Figo tambi\u00e9n consider\u00f3 que \"Espa\u00f1a fue el merecido ganador\" del partido.<\/p>\n<p style=\"text-align: center\">\n<div id=\"poll_11403711\" style=\"text-align: center\">\n<h2>Figo nunca gan\u00f3 nada tampoco<\/h2>\n<\/div>\n<p>\/\/ <\/p>\n<p style=\"text-align: center\">Los medios portugueses tambi\u00e9n recogieron la controvertida reacci\u00f3n del astro del Real Madrid y algunos diarios explicaron su comportamiento por \"el mal perder\" del futbolista, que ha completado un Mundial discreto.<\/p>\n<p style=\"text-align: center\">\u00a0<\/p>\n<p style=\"text-align: center\">Por su parte, el seleccionador de Portugal, Carlos Queiroz, asegur\u00f3 en declaraciones al Diario de Noticias tras la derrota ante Espa\u00f1a que \"nadie est\u00e1 por encima de la selecci\u00f3n\" y que en el equipo nacional \"s\u00f3lo est\u00e1 quien quiere\".<\/p>\n<p style=\"text-align: center\">Refiri\u00e9ndose espec\u00edficamente a Cristiano Ronaldo, Queiroz dijo: \"Es natural y comprensible que haya algunas frustraciones, que no est\u00e1n suficientemente educadas para ser contenidas\".<\/p>\n<p style=\"text-align: center\">El entrenador a\u00f1adi\u00f3 que necesitan a Cristiano Ronaldo pero dej\u00f3 claro que \"si el tama\u00f1o de la camiseta es demasiado peque\u00f1o para alguien, este no debe estar aqu\u00ed\".<\/p>\n","protected":false},"excerpt":{"rendered":"<p>\u00a0 El ex capit\u00e1n de la selecci\u00f3n portuguesa Luis Figo critic\u00f3 hoy al astro Cristiano Ronaldo, actual capit\u00e1n, por su actitud tras la eliminaci\u00f3n de los lusos en Sud\u00e1frica 2010. \"Mi idea de lo que es un capit\u00e1n puede ser diferente de algunas personas, pero un capit\u00e1n, m\u00e1s all\u00e1 del \u00e9xito o del fracaso, debe [&hellip;]<\/p>\n","protected":false},"author":4215,"featured_media":0,"comment_status":"open","ping_status":"open","sticky":false,"template":"","format":"standard","meta":{"footnotes":""},"categories":[1],"tags":[],"class_list":["post-46","post","type-post","status-publish","format-standard","hentry","category-uncategorized"],"_links":{"self":[{"href":"https:\/\/blog.espol.edu.ec\/elvssant\/wp-json\/wp\/v2\/posts\/46","targetHints":{"allow":["GET"]}}],"collection":[{"href":"https:\/\/blog.espol.edu.ec\/elvssant\/wp-json\/wp\/v2\/posts"}],"about":[{"href":"https:\/\/blog.espol.edu.ec\/elvssant\/wp-json\/wp\/v2\/types\/post"}],"author":[{"embeddable":true,"href":"https:\/\/blog.espol.edu.ec\/elvssant\/wp-json\/wp\/v2\/users\/4215"}],"replies":[{"embeddable":true,"href":"https:\/\/blog.espol.edu.ec\/elvssant\/wp-json\/wp\/v2\/comments?post=46"}],"version-history":[{"count":3,"href":"https:\/\/blog.espol.edu.ec\/elvssant\/wp-json\/wp\/v2\/posts\/46\/revisions"}],"predecessor-version":[{"id":49,"href":"https:\/\/blog.espol.edu.ec\/elvssant\/wp-json\/wp\/v2\/posts\/46\/revisions\/49"}],"wp:attachment":[{"href":"https:\/\/blog.espol.edu.ec\/elvssant\/wp-json\/wp\/v2\/media?parent=46"}],"wp:term":[{"taxonomy":"category","embeddable":true,"href":"https:\/\/blog.espol.edu.ec\/elvssant\/wp-json\/wp\/v2\/categories?post=46"},{"taxonomy":"post_tag","embeddable":true,"href":"https:\/\/blog.espol.edu.ec\/elvssant\/wp-json\/wp\/v2\/tags?post=46"}],"curies":[{"name":"wp","href":"https:\/\/api.w.org\/{rel}","templated":true}]}}