{"id":58,"date":"2015-11-09T02:59:20","date_gmt":"2015-11-09T02:59:20","guid":{"rendered":"http:\/\/blog.espol.edu.ec\/emtioui\/?p=58"},"modified":"2015-11-09T02:59:20","modified_gmt":"2015-11-09T02:59:20","slug":"este-nino-sera-el-mas-intenso-despues-del-fenomeno-del-97","status":"publish","type":"post","link":"https:\/\/blog.espol.edu.ec\/emtioui\/2015\/11\/09\/este-nino-sera-el-mas-intenso-despues-del-fenomeno-del-97\/","title":{"rendered":"'Este Ni\u00f1o ser\u00e1 el m\u00e1s intenso despu\u00e9s del fen\u00f3meno del 97'"},"content":{"rendered":"<p>Entrevista a Rodney Mart\u00ednez, director Internacional del Ciifen, sobre la situaci\u00f3n del fen\u00f3meno El Ni\u00f1o. \u00bfCu\u00e1l es la situaci\u00f3n actual del fen\u00f3meno El Ni\u00f1o en el Ecuador? \u200b El Ni\u00f1o est\u00e1 presente en el Pac\u00edfico Tropical desde hace aproximadamente tres meses y su intensidad sigue en aumento. El fen\u00f3meno est\u00e1 ya influyendo en el clima regional en distintas formas y con diversa magnitud. El Ni\u00f1o podr\u00eda alcanzar intensidad fuerte a finales del 2015 y extender su permanencia en los primeros meses del 2016. No se descarta que pueda escalar su intensidad a una magnitud como la del 97-98. \u00bfSe podr\u00eda hablar de una situaci\u00f3n preocupante? \u200b El mensaje en este momento ya es preocupante. Tenemos un Ni\u00f1o fuerte, muy distinto a lo vivido estos 18 a\u00f1os con eventos d\u00e9biles, moderados, que en el caso de Ecuador fueron pr\u00e1cticamente imperceptibles. Estamos hablando de un Ni\u00f1o fuerte que se proyectar\u00e1 hasta el pr\u00f3ximo a\u00f1o. \u00bfCu\u00e1les son las condiciones para determinar que El Ni\u00f1o no es una posibilidad sino una realidad? \u200b Desde hace tres meses el Pac\u00edfico Tropical se mantiene con un calentamiento de 2 a 3 grados cent\u00edgrados, y en el Pac\u00edfico Central ya ha comprometido tambi\u00e9n a la atm\u00f3sfera lo cual se manifiesta en la reducci\u00f3n de los vientos. Al debilitarse el viento, el mar se calienta m\u00e1s. En el consenso cient\u00edfico internacional, hace meses ya no se discute si tenemos o no El Ni\u00f1o, sino la intensidad que va a llegar a tener y hasta cu\u00e1ndo va a durar. Tenemos un evento de magnitud fuerte. \u00bfC\u00f3mo se determina eso? \u200b Estas perturbaciones en el Pac\u00edfico tienen efectos diferentes dependiendo la \u00e9poca. Hay gente que dice \u201cEcuador est\u00e1 fr\u00edo, no siento nada\u201d. El Ni\u00f1o no es ecuatoriano ni peruano. No porque en estos momentos no llueva en Ecuador no significa que no hay el fen\u00f3meno. Los efectos son planetarios. En este momento afecta severamente al norte de Brasil y al Caribe que experimentan sequ\u00eda. Semanas atr\u00e1s gener\u00f3 lluvias torrenciales en Chile, Paraguay, Argentina. En Ecuador y el norte de Per\u00fa est\u00e1 enmascarado por lo que se denomina ciclo estacional; es decir, existe el predominio de la corriente de Humboldt con un ambiente fr\u00edo, vientos fuertes y temperatura baja. Eso es localizado y temporal. \u00bfLas condiciones de temperatura superficial del mar son las mismas en las profundidades? Una imagen del 18 de agosto nos report\u00f3 anomal\u00eda de hasta 6 grados entre los 100 y 150 metros de profundidad. Esto ya nos pas\u00f3 en 1997... \u00bfQu\u00e9 ocurri\u00f3 entonces? \u200b Tengo experiencia de ese a\u00f1o, cuando estaba en el Inocar, de decirles a las autoridades que El Ni\u00f1o estaba aqu\u00ed pero alguien sali\u00f3 a dar declaraciones ante los pescadores y decir no viene nada. Ese fue el pretexto para que las autoridades dijeran que no llov\u00eda y ah\u00ed se paraliz\u00f3 todo. No hay que confundir a la ciudadan\u00eda. Lo que est\u00e1 pasando frente a Ecuador es temporal. El momento en el que Humboldt se retire, y deje de ser la barrera que est\u00e1 jugando a favor nuestro, vendr\u00e1 toda la influencia de El Ni\u00f1o. Tendr\u00eda su m\u00e1ximo desarrollo entre noviembre del 2015 y enero del 2016. \u00bfQu\u00e9 informaci\u00f3n procesan para los an\u00e1lisis? \u200b Nos basamos en modelos como el Centro Europeo, el de la NOAA (National Oceanic and Atmospheric Administration), de los m\u00e1s poderosos del mundo. Lo que comento es el resultado del an\u00e1lisis de todo el equipo del Ciifen en interconsulta con esos centros. Los modelos coinciden en que esas anomal\u00edas en Sudam\u00e9rica son de 3 a 4 grados y que la m\u00e1xima fuerza esperada la tendr\u00edamos entre noviembre y enero; y que a mayo del 2016, tendr\u00edamos todav\u00eda anomal\u00edas entre 1 y 2 grados. De por s\u00ed este Ni\u00f1o, en este momento, es uno de los cuatro eventos m\u00e1s fuertes desde 1950. \u00bfLos s\u00edntomas de El Ni\u00f1o 97-98 qu\u00e9 tanto se parecen a las actuales condiciones? \u200b Tenemos un comparativo de julio de 1997 y de julio del 2015 (ver gr\u00e1fico). En el caso de ahora tenemos una gran presencia de agua caliente en el hemisferio norte que tambi\u00e9n juega un rol importante. Y cuando comparamos bajo la superficie del mar, esto es 0 a 400 metros, en el 97 llegamos a tener anomal\u00edas de hasta 7,5 grados. En julio del 2015 llegamos a tener una masa no tan intensa pero que en su n\u00facleo llega a 6,5 grados. Son similitudes grandes pero ning\u00fan Ni\u00f1o es igual a otro. \u00bfSer\u00e1 igual de intenso? \u200b Es un hecho, es decir no es ninguna especulaci\u00f3n ni proyecci\u00f3n, que este Ni\u00f1o que estamos viendo ya es el m\u00e1s intenso despu\u00e9s de 1997. En otras palabras, los \u00faltimos 18 a\u00f1os no hemos tenido un evento de la magnitud que se est\u00e1 presentando ahora. \u00bfQu\u00e9 hacer en el pa\u00eds? \u200b Es hora de implementar una campa\u00f1a de sensibilizaci\u00f3n hacia la gente enfocada a El Ni\u00f1o. Lo \u00faltimo que podemos incurrir es en los problemas del 97. Entonces tuvimos una muy buena predicci\u00f3n seis meses antes, pero el mensaje pas\u00f3 y cuando ya ten\u00edamos la lluvia encima no se hab\u00eda preparado ni planificado nada. Esto requiere de much\u00edsima planificaci\u00f3n.<\/p>\n<p>Informanci\u00f3n obtenida de:<br \/>\nhttp:\/\/www.elcomercio.com\/actualidad\/nino-intenso-fenomeno-ecuador.html.<\/p>\n","protected":false},"excerpt":{"rendered":"<p>Entrevista a Rodney Mart\u00ednez, director Internacional del Ciifen, sobre la situaci\u00f3n del fen\u00f3meno El Ni\u00f1o. \u00bfCu\u00e1l es la situaci\u00f3n actual del fen\u00f3meno El Ni\u00f1o en el Ecuador? \u200b El Ni\u00f1o est\u00e1 presente en el Pac\u00edfico Tropical desde hace aproximadamente tres &hellip; <a href=\"https:\/\/blog.espol.edu.ec\/emtioui\/2015\/11\/09\/este-nino-sera-el-mas-intenso-despues-del-fenomeno-del-97\/\">Sigue leyendo <span class=\"meta-nav\">&rarr;<\/span><\/a><\/p>\n","protected":false},"author":9915,"featured_media":0,"comment_status":"open","ping_status":"open","sticky":false,"template":"","format":"standard","meta":{"footnotes":""},"categories":[818],"tags":[],"class_list":["post-58","post","type-post","status-publish","format-standard","hentry","category-sin-categoria"],"_links":{"self":[{"href":"https:\/\/blog.espol.edu.ec\/emtioui\/wp-json\/wp\/v2\/posts\/58","targetHints":{"allow":["GET"]}}],"collection":[{"href":"https:\/\/blog.espol.edu.ec\/emtioui\/wp-json\/wp\/v2\/posts"}],"about":[{"href":"https:\/\/blog.espol.edu.ec\/emtioui\/wp-json\/wp\/v2\/types\/post"}],"author":[{"embeddable":true,"href":"https:\/\/blog.espol.edu.ec\/emtioui\/wp-json\/wp\/v2\/users\/9915"}],"replies":[{"embeddable":true,"href":"https:\/\/blog.espol.edu.ec\/emtioui\/wp-json\/wp\/v2\/comments?post=58"}],"version-history":[{"count":1,"href":"https:\/\/blog.espol.edu.ec\/emtioui\/wp-json\/wp\/v2\/posts\/58\/revisions"}],"predecessor-version":[{"id":59,"href":"https:\/\/blog.espol.edu.ec\/emtioui\/wp-json\/wp\/v2\/posts\/58\/revisions\/59"}],"wp:attachment":[{"href":"https:\/\/blog.espol.edu.ec\/emtioui\/wp-json\/wp\/v2\/media?parent=58"}],"wp:term":[{"taxonomy":"category","embeddable":true,"href":"https:\/\/blog.espol.edu.ec\/emtioui\/wp-json\/wp\/v2\/categories?post=58"},{"taxonomy":"post_tag","embeddable":true,"href":"https:\/\/blog.espol.edu.ec\/emtioui\/wp-json\/wp\/v2\/tags?post=58"}],"curies":[{"name":"wp","href":"https:\/\/api.w.org\/{rel}","templated":true}]}}