{"id":43,"date":"2014-06-11T08:34:14","date_gmt":"2014-06-11T08:34:14","guid":{"rendered":"http:\/\/blog.espol.edu.ec\/eradvera\/?p=43"},"modified":"2014-06-11T08:45:52","modified_gmt":"2014-06-11T08:45:52","slug":"sunshine-and-the-makenzi-sound","status":"publish","type":"post","link":"https:\/\/blog.espol.edu.ec\/eradvera\/2014\/06\/11\/sunshine-and-the-makenzi-sound\/","title":{"rendered":"Sunshine and The Makenzi Sound"},"content":{"rendered":"<p>Ayer en la ma\u00f1ana, encontr\u00e9 una banda ecuatoriana espectacular, '<a title=\"Sunshine and The Makenzi Sound\" href=\"https:\/\/soundcloud.com\/themakenzisound\" target=\"_blank\">Sunshine and the Makenzi Sound<\/a>'. Sus sonidos cautivan al oyente dentro de una traves\u00eda llena de diversas emociones, a lo largo del \u00e1lbum debut 'The Year of Hope'.<\/p>\n<p>En el 2007, se form\u00f3 en Guayaquil, la banda de indie folk. Integrada por seis compa\u00f1eros de universidad: Juan Rivadeneira y Valentina Areco conforman el dueto vocal que le da vida a sus temas, el magn\u00edfico viol\u00edn de Roberto Ramil aporta con vibrante energ\u00eda, Alex Santos al bajo y Alfredo Bozano llevando el ritmo con la bater\u00eda. La guitarra de cinco cuerdas denRivadeneira se llama Makenzi, de ah\u00ed el nombre de la banda. El \u00e1lbum debut se grab\u00f3 en Guayaquil y se masteriz\u00f3 en Estados Unidos.<\/p>\n<p>Me resulta emocionante saber que existen en Ecuador talentos de la m\u00fasica independiente. En lo personal, mis temas favoritos son Wild Penguins Go To Antarctica y Coyote.<\/p>\n<p><iframe loading=\"lazy\" src=\"\/\/www.youtube.com\/embed\/EchFBdJDER8\" width=\"560\" height=\"315\" frameborder=\"0\" allowfullscreen=\"allowfullscreen\"><\/iframe><\/p>\n<p><iframe loading=\"lazy\" src=\"\/\/www.youtube.com\/embed\/7FXCho-b1dQ\" width=\"420\" height=\"315\" frameborder=\"0\" allowfullscreen=\"allowfullscreen\"><\/iframe><\/p>\n","protected":false},"excerpt":{"rendered":"<p>Ayer en la ma\u00f1ana, encontr\u00e9 una banda ecuatoriana espectacular, 'Sunshine and the Makenzi Sound'. Sus sonidos cautivan al oyente dentro de una traves\u00eda llena de diversas emociones, a lo largo del \u00e1lbum debut 'The Year of Hope'. En el 2007, &hellip; <a href=\"https:\/\/blog.espol.edu.ec\/eradvera\/2014\/06\/11\/sunshine-and-the-makenzi-sound\/\">Sigue leyendo <span class=\"meta-nav\">&rarr;<\/span><\/a><\/p>\n","protected":false},"author":9046,"featured_media":0,"comment_status":"open","ping_status":"open","sticky":false,"template":"","format":"standard","meta":{"footnotes":""},"categories":[140],"tags":[70,5842,34525,259,34305,1227021,130919,1227022,687,1227026,1227027,1227020,1227025],"class_list":["post-43","post","type-post","status-publish","format-standard","hentry","category-musica","tag-ecuador","tag-ecuatoriana","tag-folk","tag-guayaquil","tag-indie","tag-juan-rivadeneira","tag-musica-2","tag-roberto-ramil","tag-sms","tag-sunshine-and-the-makenzi-sound","tag-themakenzisound","tag-valentina-areco","tag-wild-penguins-go-to-antarctica"],"_links":{"self":[{"href":"https:\/\/blog.espol.edu.ec\/eradvera\/wp-json\/wp\/v2\/posts\/43","targetHints":{"allow":["GET"]}}],"collection":[{"href":"https:\/\/blog.espol.edu.ec\/eradvera\/wp-json\/wp\/v2\/posts"}],"about":[{"href":"https:\/\/blog.espol.edu.ec\/eradvera\/wp-json\/wp\/v2\/types\/post"}],"author":[{"embeddable":true,"href":"https:\/\/blog.espol.edu.ec\/eradvera\/wp-json\/wp\/v2\/users\/9046"}],"replies":[{"embeddable":true,"href":"https:\/\/blog.espol.edu.ec\/eradvera\/wp-json\/wp\/v2\/comments?post=43"}],"version-history":[{"count":4,"href":"https:\/\/blog.espol.edu.ec\/eradvera\/wp-json\/wp\/v2\/posts\/43\/revisions"}],"predecessor-version":[{"id":47,"href":"https:\/\/blog.espol.edu.ec\/eradvera\/wp-json\/wp\/v2\/posts\/43\/revisions\/47"}],"wp:attachment":[{"href":"https:\/\/blog.espol.edu.ec\/eradvera\/wp-json\/wp\/v2\/media?parent=43"}],"wp:term":[{"taxonomy":"category","embeddable":true,"href":"https:\/\/blog.espol.edu.ec\/eradvera\/wp-json\/wp\/v2\/categories?post=43"},{"taxonomy":"post_tag","embeddable":true,"href":"https:\/\/blog.espol.edu.ec\/eradvera\/wp-json\/wp\/v2\/tags?post=43"}],"curies":[{"name":"wp","href":"https:\/\/api.w.org\/{rel}","templated":true}]}}