{"id":82,"date":"2014-10-30T23:38:06","date_gmt":"2014-10-30T23:38:06","guid":{"rendered":"http:\/\/blog.espol.edu.ec\/etubay\/?p=82"},"modified":"2014-11-12T20:08:00","modified_gmt":"2014-11-12T20:08:00","slug":"plasticos-en-oceano","status":"publish","type":"post","link":"https:\/\/blog.espol.edu.ec\/etubay\/2014\/10\/30\/plasticos-en-oceano\/","title":{"rendered":"Pl\u00e1sticos en oc\u00e9ano"},"content":{"rendered":"<p>Lamentablemente nosotros destruimos nuestro hogar, rev\u00edsenlo. <a title=\"ANDES\" href=\"http:\/\/www.andes.info.ec\/es\/noticias\/plasticos-oceanos-matan-15-millones-animales-ano-forman-septimo-continente-afirma-experta\" target=\"_blank\">ANDES<\/a><\/p>\n<div id=\"breadcrumb\">\n<h2 class=\"breadcrumb\"><span style=\"color: #800080\">Pl\u00e1sticos en oc\u00e9anos matan 1,5 millones de animales al a\u00f1o y forman \"s\u00e9ptimo continente\", afirma experta en Quito<\/span><\/h2>\n<\/div>\n<div id=\"content\" class=\"column\">\n<div class=\"section\">\n<div class=\"region region-content\">\n<div id=\"block-system-main\" class=\"block block-system\">\n<div class=\"content\">\n<div id=\"node-35710\" class=\"node node-article node-promoted node-full clearfix\">\n<div class=\"meta submitted\">Viernes, 17\/10\/2014 - 03:01:15 PM<\/div>\n<div class=\"content clearfix\">\n<div class=\"field field-name-field-image field-type-image field-label-hidden\">\n<div class=\"field-items\">\n<div class=\"field-item even\"><img decoding=\"async\" title=\"Masas no compactas de desechos pl\u00e1sticos que est\u00e1n a la deriva en los tres principales oc\u00e9anos del mundo han formado un &quot;s\u00e9ptimo continente&quot;, seg\u00fan experta francesa. Foto: AFP\/publimetro.pe\" src=\"http:\/\/www.andes.info.ec\/sites\/default\/files\/styles\/large\/public\/field\/image\/plasticoseptimocontinente.jpg?itok=fi9iOFIk\" alt=\"\" \/><\/p>\n<div class=\"imgcaption\">Masas no compactas de desechos pl\u00e1sticos que est\u00e1n a la deriva en los tres principales oc\u00e9anos del mundo han formado un \"s\u00e9ptimo continente\", seg\u00fan experta francesa. Foto: AFP\/publimetro.pe<\/div>\n<\/div>\n<\/div>\n<\/div>\n<div class=\"field field-name-body field-type-text-with-summary field-label-hidden\">\n<div class=\"field-items\">\n<div class=\"field-item even\">\n<p><strong>Quito, 17 oct (Andes).-<\/strong> Unos 1,5 millones de aves, peces, ballenas y tortugas mueren al a\u00f1o por desechos pl\u00e1sticos en el mar. Y el problema puede agravarse: seg\u00fan estudios cient\u00edficos divulgados en Quito, cinco \"islas\" de esos residuos flotan en los oc\u00e9anos Pac\u00edfico, Atl\u00e1ntico e \u00cdndico.<\/p>\n<p>\"Cada a\u00f1o los pl\u00e1sticos (en el mar) matan a 1,5 millones de animales\", se\u00f1al\u00f3 Laurence Maurice, del Instituto de Investigaci\u00f3n para el Desarrollo (IRD) de Francia. \"En el Pac\u00edfico Norte, 30% de los peces han ingerido pl\u00e1stico en su ciclo de vida\", agreg\u00f3.<\/p>\n<p>&nbsp;<\/p>\n<\/div>\n<\/div>\n<\/div>\n<\/div>\n<\/div>\n<\/div>\n<\/div>\n<\/div>\n<\/div>\n<\/div>\n","protected":false},"excerpt":{"rendered":"<p>Lamentablemente nosotros destruimos nuestro hogar, rev\u00edsenlo. ANDES Pl\u00e1sticos en oc\u00e9anos matan 1,5 millones de animales al a\u00f1o y forman \"s\u00e9ptimo continente\", afirma experta en Quito Viernes, 17\/10\/2014 - 03:01:15 PM Masas no compactas de desechos pl\u00e1sticos que est\u00e1n a la &hellip; <a href=\"https:\/\/blog.espol.edu.ec\/etubay\/2014\/10\/30\/plasticos-en-oceano\/\">Sigue leyendo <span class=\"meta-nav\">&rarr;<\/span><\/a><\/p>\n","protected":false},"author":9329,"featured_media":0,"comment_status":"open","ping_status":"open","sticky":false,"template":"","format":"standard","meta":{"footnotes":""},"categories":[818],"tags":[],"class_list":["post-82","post","type-post","status-publish","format-standard","hentry","category-sin-categoria"],"_links":{"self":[{"href":"https:\/\/blog.espol.edu.ec\/etubay\/wp-json\/wp\/v2\/posts\/82","targetHints":{"allow":["GET"]}}],"collection":[{"href":"https:\/\/blog.espol.edu.ec\/etubay\/wp-json\/wp\/v2\/posts"}],"about":[{"href":"https:\/\/blog.espol.edu.ec\/etubay\/wp-json\/wp\/v2\/types\/post"}],"author":[{"embeddable":true,"href":"https:\/\/blog.espol.edu.ec\/etubay\/wp-json\/wp\/v2\/users\/9329"}],"replies":[{"embeddable":true,"href":"https:\/\/blog.espol.edu.ec\/etubay\/wp-json\/wp\/v2\/comments?post=82"}],"version-history":[{"count":7,"href":"https:\/\/blog.espol.edu.ec\/etubay\/wp-json\/wp\/v2\/posts\/82\/revisions"}],"predecessor-version":[{"id":136,"href":"https:\/\/blog.espol.edu.ec\/etubay\/wp-json\/wp\/v2\/posts\/82\/revisions\/136"}],"wp:attachment":[{"href":"https:\/\/blog.espol.edu.ec\/etubay\/wp-json\/wp\/v2\/media?parent=82"}],"wp:term":[{"taxonomy":"category","embeddable":true,"href":"https:\/\/blog.espol.edu.ec\/etubay\/wp-json\/wp\/v2\/categories?post=82"},{"taxonomy":"post_tag","embeddable":true,"href":"https:\/\/blog.espol.edu.ec\/etubay\/wp-json\/wp\/v2\/tags?post=82"}],"curies":[{"name":"wp","href":"https:\/\/api.w.org\/{rel}","templated":true}]}}