{"id":10,"date":"2011-10-18T15:14:27","date_gmt":"2011-10-18T15:14:27","guid":{"rendered":"http:\/\/blog.espol.edu.ec\/evemalin\/?p=10"},"modified":"2011-10-25T16:23:31","modified_gmt":"2011-10-25T16:23:31","slug":"inti-raymi-ecuador","status":"publish","type":"post","link":"https:\/\/blog.espol.edu.ec\/evemalin\/2011\/10\/18\/inti-raymi-ecuador\/","title":{"rendered":"INTI RAYMI  ECUADOR"},"content":{"rendered":"<p>El <a class=\"wpGallery\" title=\"google\" href=\"http:\/\/www.google.com\" target=\"_blank\"><strong>Inti Raymi<\/strong> <\/a>o \"fiesta del sol\" era una ceremonia religiosa del imperio del inca en honor del dios Inti o Sol.<\/p>\n<p>Una explosi\u00f3n de colores, de la m\u00fasica y de tradiciones ind\u00edgenas en el Sierra norte\u00f1a el Inti Raymi o \"partido del sol y de la cosecha\"\u00a0 es una de las celebraciones ancestrales m\u00e1s importantes de las comunidades ind\u00edgenas de la Sierra norte\u00f1a del Ecuador. Esta tradici\u00f3n milenaria se mantiene en Cayambe y Pedro Moncayo en la provincia de Pichincha; y Otavalo, Cotacachi, Antonio Ante e Ibarra en la provincia de Imbabura. Cada 22 de junio, durante el solsticio del verano, las comunidades ind\u00edgenas van a los r\u00edos y a las cascadas sagrados a realizar un ritual communitario. De la visi\u00f3n andina de Cosmo, este ritual permite la purificaci\u00f3n espiritual del humano, la recuperaci\u00f3n de la energ\u00eda y la revitalizaci\u00f3n de la relaci\u00f3n con la madre naturaleza. El Inti Raymi es el tiempo en que la tierra ofrece todos sus frutos al final de uno de los ciclos<\/p>\n<p>de cosecha.<\/p>\n<p style=\"text-align: center\"><a href=\"http:\/\/blog.espol.edu.ec\/evemalin\/files\/2011\/10\/images2.jpg\"><img loading=\"lazy\" decoding=\"async\" class=\"size-full wp-image-11 aligncenter\" style=\"border: 10px solid black\" title=\"images\" src=\"http:\/\/blog.espol.edu.ec\/evemalin\/files\/2011\/10\/images2.jpg\" alt=\"danzantes\" width=\"274\" height=\"184\" \/><\/a><\/p>\n<p><!--more--><\/p>\n<p><object style=\"height: 390px;width: 640px\" classid=\"clsid:d27cdb6e-ae6d-11cf-96b8-444553540000\" width=\"100\" height=\"100\"><param name=\"allowFullScreen\" value=\"true\" \/><param name=\"allowScriptAccess\" value=\"always\" \/><param name=\"src\" value=\"http:\/\/www.youtube.com\/v\/kE4yhkJj9_s?version=3\" \/><param name=\"allowfullscreen\" value=\"true\" \/><embed style=\"height: 390px;width: 640px\" type=\"application\/x-shockwave-flash\" width=\"100\" height=\"100\" src=\"http:\/\/www.youtube.com\/v\/kE4yhkJj9_s?version=3\" allowscriptaccess=\"always\" allowfullscreen=\"true\"><\/embed><\/object><\/p>\n","protected":false},"excerpt":{"rendered":"<p>El Inti Raymi o \"fiesta del sol\" era una ceremonia religiosa del imperio del inca en honor del dios Inti o Sol. Una explosi\u00f3n de colores, de la m\u00fasica y de tradiciones ind\u00edgenas en el Sierra norte\u00f1a el Inti Raymi o \"partido del sol y de la cosecha\"\u00a0 es una de las celebraciones ancestrales m\u00e1s [&hellip;]<\/p>\n","protected":false},"author":6864,"featured_media":0,"comment_status":"open","ping_status":"open","sticky":false,"template":"","format":"standard","meta":{"footnotes":""},"categories":[72670,1],"tags":[72629,72628,140,5327,72630],"class_list":["post-10","post","type-post","status-publish","format-standard","hentry","category-fiesta-del-sol","category-uncategorized","tag-explosion-de-colores","tag-inti-raymi","tag-musica","tag-solsticio","tag-tradiciones-indigenas"],"_links":{"self":[{"href":"https:\/\/blog.espol.edu.ec\/evemalin\/wp-json\/wp\/v2\/posts\/10","targetHints":{"allow":["GET"]}}],"collection":[{"href":"https:\/\/blog.espol.edu.ec\/evemalin\/wp-json\/wp\/v2\/posts"}],"about":[{"href":"https:\/\/blog.espol.edu.ec\/evemalin\/wp-json\/wp\/v2\/types\/post"}],"author":[{"embeddable":true,"href":"https:\/\/blog.espol.edu.ec\/evemalin\/wp-json\/wp\/v2\/users\/6864"}],"replies":[{"embeddable":true,"href":"https:\/\/blog.espol.edu.ec\/evemalin\/wp-json\/wp\/v2\/comments?post=10"}],"version-history":[{"count":7,"href":"https:\/\/blog.espol.edu.ec\/evemalin\/wp-json\/wp\/v2\/posts\/10\/revisions"}],"predecessor-version":[{"id":18,"href":"https:\/\/blog.espol.edu.ec\/evemalin\/wp-json\/wp\/v2\/posts\/10\/revisions\/18"}],"wp:attachment":[{"href":"https:\/\/blog.espol.edu.ec\/evemalin\/wp-json\/wp\/v2\/media?parent=10"}],"wp:term":[{"taxonomy":"category","embeddable":true,"href":"https:\/\/blog.espol.edu.ec\/evemalin\/wp-json\/wp\/v2\/categories?post=10"},{"taxonomy":"post_tag","embeddable":true,"href":"https:\/\/blog.espol.edu.ec\/evemalin\/wp-json\/wp\/v2\/tags?post=10"}],"curies":[{"name":"wp","href":"https:\/\/api.w.org\/{rel}","templated":true}]}}