{"id":57,"date":"2012-06-27T23:22:14","date_gmt":"2012-06-27T23:22:14","guid":{"rendered":"http:\/\/blog.espol.edu.ec\/evmero\/?p=57"},"modified":"2012-06-27T23:23:35","modified_gmt":"2012-06-27T23:23:35","slug":"declaracion-de-fher-sobre-el-anuncio-del-presidente-obama","status":"publish","type":"post","link":"https:\/\/blog.espol.edu.ec\/evmero\/2012\/06\/27\/declaracion-de-fher-sobre-el-anuncio-del-presidente-obama\/","title":{"rendered":"Declaraci\u00f3n de Fher sobre el anuncio del Presidente Obama"},"content":{"rendered":"<p>\u201cDebo reconocer el esfuerzo del Presidente Obama por no desatender el tema migratorio, lo que hoy se anunci\u00f3 es un paso, uno de los miles que a\u00fan deben darse para que la justicia y los derechos humanos sean una realidad para los migrantes, sabemos que el problema migratorio es much\u00edsimo m\u00e1s grande y afecta a millones, y esta medida s\u00f3lo engloba una peque\u00f1a porci\u00f3n de los que enfrentan el desamparo legal, no podemos quedarnos s\u00f3lo con esto y tenemos que ir por m\u00e1s, porque ah\u00ed est\u00e1 la mayor\u00eda de nuestras gentes con la bronca encima, nosotros seguiremos atentos para que la reforma migratoria que millones anhelan, profunda y de largo alcance, termine por concretarse.\u201d<\/p>\n<p>FHER<\/p>\n","protected":false},"excerpt":{"rendered":"<p>\u201cDebo reconocer el esfuerzo del Presidente Obama por no desatender el tema migratorio, lo que hoy se anunci\u00f3 es un paso, uno de los miles que a\u00fan deben darse para que la justicia y los derechos humanos sean una realidad para los migrantes, sabemos que el problema migratorio es much\u00edsimo m\u00e1s grande y afecta a [&hellip;]<\/p>\n","protected":false},"author":7531,"featured_media":0,"comment_status":"open","ping_status":"open","sticky":false,"template":"","format":"standard","meta":{"footnotes":""},"categories":[818],"tags":[],"class_list":["post-57","post","type-post","status-publish","format-standard","hentry","category-sin-categoria"],"_links":{"self":[{"href":"https:\/\/blog.espol.edu.ec\/evmero\/wp-json\/wp\/v2\/posts\/57","targetHints":{"allow":["GET"]}}],"collection":[{"href":"https:\/\/blog.espol.edu.ec\/evmero\/wp-json\/wp\/v2\/posts"}],"about":[{"href":"https:\/\/blog.espol.edu.ec\/evmero\/wp-json\/wp\/v2\/types\/post"}],"author":[{"embeddable":true,"href":"https:\/\/blog.espol.edu.ec\/evmero\/wp-json\/wp\/v2\/users\/7531"}],"replies":[{"embeddable":true,"href":"https:\/\/blog.espol.edu.ec\/evmero\/wp-json\/wp\/v2\/comments?post=57"}],"version-history":[{"count":3,"href":"https:\/\/blog.espol.edu.ec\/evmero\/wp-json\/wp\/v2\/posts\/57\/revisions"}],"predecessor-version":[{"id":60,"href":"https:\/\/blog.espol.edu.ec\/evmero\/wp-json\/wp\/v2\/posts\/57\/revisions\/60"}],"wp:attachment":[{"href":"https:\/\/blog.espol.edu.ec\/evmero\/wp-json\/wp\/v2\/media?parent=57"}],"wp:term":[{"taxonomy":"category","embeddable":true,"href":"https:\/\/blog.espol.edu.ec\/evmero\/wp-json\/wp\/v2\/categories?post=57"},{"taxonomy":"post_tag","embeddable":true,"href":"https:\/\/blog.espol.edu.ec\/evmero\/wp-json\/wp\/v2\/tags?post=57"}],"curies":[{"name":"wp","href":"https:\/\/api.w.org\/{rel}","templated":true}]}}