{"id":93,"date":"2012-07-10T18:11:45","date_gmt":"2012-07-10T18:11:45","guid":{"rendered":"http:\/\/blog.espol.edu.ec\/evmero\/?p=93"},"modified":"2012-07-10T18:11:45","modified_gmt":"2012-07-10T18:11:45","slug":"mana-expresa-su-emocion-por-llevar-su-musica-a-israel","status":"publish","type":"post","link":"https:\/\/blog.espol.edu.ec\/evmero\/2012\/07\/10\/mana-expresa-su-emocion-por-llevar-su-musica-a-israel\/","title":{"rendered":"Man\u00e1 expresa su emoci\u00f3n por llevar su m\u00fasica a Israel"},"content":{"rendered":"<p><a href=\"http:\/\/blog.espol.edu.ec\/evmero\/files\/2012\/07\/get.jpg\"><img loading=\"lazy\" decoding=\"async\" class=\"aligncenter size-full wp-image-94\" src=\"http:\/\/blog.espol.edu.ec\/evmero\/files\/2012\/07\/get.jpg\" alt=\"\" width=\"301\" height=\"464\" srcset=\"https:\/\/blog.espol.edu.ec\/evmero\/files\/2012\/07\/get.jpg 301w, https:\/\/blog.espol.edu.ec\/evmero\/files\/2012\/07\/get-194x300.jpg 194w\" sizes=\"auto, (max-width: 301px) 100vw, 301px\" \/><\/a><\/p>\n<p>El 29 de junio, Fher, \u00c1lex, Juan y Sergio cerrar\u00e1n la jornada inaugural de Rock in Rio Madrid 2012; en julio viajar\u00e1n a Italia, para tocar en una expo, y despu\u00e9s, por primera vez visitar\u00e1n Israel.<\/p>\n<p>\"Para nosotros es un honor tremendo (ser estelares en Rock in Rio Madrid). Va a estar incre\u00edble, porque van los Red Hot Chili Peppers, Lenny Kravitz, va a estar la pura banda pesada. Aparte, en Espa\u00f1a, la verdad, nos aman.<\/p>\n<p>Va a ser una noche bien caliente, bien prendida\", expres\u00f3 \u00c1lex, en entrevista.<\/p>\n<p>\"Despu\u00e9s nos vamos a Mil\u00e1n, a un festival de m\u00fasica latina (la edici\u00f3n 22 de la Latino Americando, con figuras como Franco De Vita y Juan Luis Guerra), que la arman muy bien y es una buena oportunidad para nosotros, porque es el verano y (acude) toda la gente de diferentes partes de Italia, incluso de Alemania y Francia, y pa\u00edses cercanos\".<\/p>\n<p>Pero lo que m\u00e1s emociona al grupo, que este pr\u00f3ximo lunes lanza el nuevo sencillo 'Hasta que te Conoc\u00ed', de su nuevo disco, Grandes \u00c9xitos, es estrenarse en Israel, donde tambi\u00e9n desea turistear.<\/p>\n<p>\"Una noticia que nos tiene a todos como '\u00a1no puede ser!' es ir a Tel Aviv. Es la primera vez que vamos a ir a Israel, ya est\u00e1 sold out para 6 mil gentes. Primero se abri\u00f3 para 2 mil, se fue a 4 mil y ahora est\u00e1 a 6 mil.<\/p>\n<p>\"Nos hab\u00eda pasado que rolando en diferentes pa\u00edses nos top\u00e1bamos con fans de Israel, que nos dec\u00edan 'vayan a Israel, vayan a tocar'. Nosotros dec\u00edamos '\u00bfqu\u00e9?', como que no nos cuadraba: tan lejos, y aparte hablan hebreo y nosotros espa\u00f1ol, dices '\u00bfc\u00f3mo?'. Es muy fuerte, porque son cosas que no esperas que pasen, y cuando suceden nos emocionamos mucho\".<\/p>\n<p>Man\u00e1 consigue esto luego de imponer un r\u00e9cord en el Staples Center, en Los \u00c1ngeles y con aforo de 18 mil personas, al ofrecer 11 conciertos de Drama y Luz, para dejar atr\u00e1s los ocho que dio Britney Spears a\u00f1os atr\u00e1s.<\/p>\n<p>\"De nuestra generaci\u00f3n, creo que hoy por hoy Man\u00e1 es de los pocos artistas mexicanos que han puesto tan en alto el nombre de M\u00e9xico, y sobre todo de Guadalajara, y eso nos hace sentir muy bien\", platic\u00f3 el baterista. \"Logros como los 11 sold out en el Staples, una de las arenas m\u00e1s emblem\u00e1ticas a nivel mundial, y que un grupo de Guadalajara, que sali\u00f3 de provincia al mundo, haya logrado esto, habla mucho, y no s\u00f3lo de lo que hacemos como grupo, sino que hay una conexi\u00f3n muy grande con los fans.<\/p>\n<p>\"En el Madison Square Garden (Nueva York) tuvimos dos sold out; en M\u00e9xico hicimos el Palacio de los Deportes, dos Arena Monterrey. \u00a1La gira ha estado de huevos! (Pero) Para nosotros es muy importante la gente de M\u00e9xico. La idea es hacer el cierre de la gira aqu\u00ed; arrancar en el DF (5 de octubre), en el Palacio de los Deportes; hacer Monterrey, y estamos viendo qu\u00e9 se va a hacer aqu\u00ed, en Guadalajara, y otras ciudades. Es importante que los fans tambi\u00e9n entiendan que estamos chambeando\".<\/p>\n","protected":false},"excerpt":{"rendered":"<p>El 29 de junio, Fher, \u00c1lex, Juan y Sergio cerrar\u00e1n la jornada inaugural de Rock in Rio Madrid 2012; en julio viajar\u00e1n a Italia, para tocar en una expo, y despu\u00e9s, por primera vez visitar\u00e1n Israel. \"Para nosotros es un honor tremendo (ser estelares en Rock in Rio Madrid). Va a estar incre\u00edble, porque van [&hellip;]<\/p>\n","protected":false},"author":7531,"featured_media":0,"comment_status":"open","ping_status":"open","sticky":false,"template":"","format":"standard","meta":{"footnotes":""},"categories":[818],"tags":[],"class_list":["post-93","post","type-post","status-publish","format-standard","hentry","category-sin-categoria"],"_links":{"self":[{"href":"https:\/\/blog.espol.edu.ec\/evmero\/wp-json\/wp\/v2\/posts\/93","targetHints":{"allow":["GET"]}}],"collection":[{"href":"https:\/\/blog.espol.edu.ec\/evmero\/wp-json\/wp\/v2\/posts"}],"about":[{"href":"https:\/\/blog.espol.edu.ec\/evmero\/wp-json\/wp\/v2\/types\/post"}],"author":[{"embeddable":true,"href":"https:\/\/blog.espol.edu.ec\/evmero\/wp-json\/wp\/v2\/users\/7531"}],"replies":[{"embeddable":true,"href":"https:\/\/blog.espol.edu.ec\/evmero\/wp-json\/wp\/v2\/comments?post=93"}],"version-history":[{"count":3,"href":"https:\/\/blog.espol.edu.ec\/evmero\/wp-json\/wp\/v2\/posts\/93\/revisions"}],"predecessor-version":[{"id":97,"href":"https:\/\/blog.espol.edu.ec\/evmero\/wp-json\/wp\/v2\/posts\/93\/revisions\/97"}],"wp:attachment":[{"href":"https:\/\/blog.espol.edu.ec\/evmero\/wp-json\/wp\/v2\/media?parent=93"}],"wp:term":[{"taxonomy":"category","embeddable":true,"href":"https:\/\/blog.espol.edu.ec\/evmero\/wp-json\/wp\/v2\/categories?post=93"},{"taxonomy":"post_tag","embeddable":true,"href":"https:\/\/blog.espol.edu.ec\/evmero\/wp-json\/wp\/v2\/tags?post=93"}],"curies":[{"name":"wp","href":"https:\/\/api.w.org\/{rel}","templated":true}]}}