{"id":8,"date":"2010-11-24T21:18:32","date_gmt":"2010-11-24T21:18:32","guid":{"rendered":"http:\/\/blog.espol.edu.ec\/fabianmacas\/2010\/11\/24\/azules-buscan-cerrar-en-el-capwell\/"},"modified":"2010-11-24T21:56:00","modified_gmt":"2010-11-24T21:56:00","slug":"azules-buscan-cerrar-en-el-capwell","status":"publish","type":"post","link":"https:\/\/blog.espol.edu.ec\/fabianmacas\/2010\/11\/24\/azules-buscan-cerrar-en-el-capwell\/","title":{"rendered":"Azules buscan cerrar en el Capwell"},"content":{"rendered":"<p>El objetivo de recibir a Liga de Quito en el estadio Capwell, en la final de vuelta, a\u00fan es posible para Emelec. Los el\u00e9ctricos ganaron ayer 0-1 en su visita al Independiente Jos\u00e9 Ter\u00e1n y ser\u00e1 necesario esperar la jornada final para establecer el orden de los partidos por el t\u00edtulo.<\/p>\n<p>Los azules llegaron a 89 puntos (m\u00e1s 32 de gol diferencia) en la tabla acumulada, en tanto que los albos tienen 91 (m\u00e1s 52). El reglamento de la Ecuaf\u00fatbol determina que el primero de la clasificaci\u00f3n general ser\u00e1 due\u00f1o de casa en la final de vuelta. En la \u00faltima jornada Emelec visitar\u00e1 a Universidad Cat\u00f3lica y Liga ir\u00e1 a Manta.<\/p>\n<p>Para que se concrete el deseo millonario de no terminar el certamen en la Casa Blanca es necesario que sometan a los camaratas y que los azucenas caigan ante los atuneros.<\/p>\n<p>Jaime Ayov\u00ed, goleador del torneo con 23 tantos, fue quien consigui\u00f3 el gol de la victoria, que mantiene la ilusi\u00f3n de la hinchada azul, de ver a su equipo jugar el \u00faltimo partido del a\u00f1o en su escenario.<\/p>\n<p>El esmeralde\u00f1o aprovech\u00f3 un centro de Pedro Qui\u00f1\u00f3nez y ante una aglomeraci\u00f3n de jugadores en el \u00e1rea de Independiente, lo que obstaculiz\u00f3 la visibilidad al arquero Librado Azcona, aprovech\u00f3 un rebote para anotar y poner a festejar a la numerosa hinchada que soport\u00f3 un fuerte aguacero.<\/p>\n<p><img loading=\"lazy\" decoding=\"async\" src=\"http:\/\/blog.espol.edu.ec\/fabianmacas\/files\/2010\/11\/emelec_espoli_201120101-300x199.jpg\" alt=\"\" title=\"Jaime Ayov\u00ed y Pedro Qui\u00f1onez Celebrando.\" width=\"300\" height=\"199\" class=\"alignright size-medium wp-image-7\" srcset=\"https:\/\/blog.espol.edu.ec\/fabianmacas\/files\/2010\/11\/emelec_espoli_201120101-300x199.jpg 300w, https:\/\/blog.espol.edu.ec\/fabianmacas\/files\/2010\/11\/emelec_espoli_201120101.jpg 1024w\" sizes=\"auto, (max-width: 300px) 100vw, 300px\" \/><\/p>\n<p>Si bien los futbolistas de Emelec sab\u00edan que solo un triunfo serv\u00eda para mantener la opci\u00f3n de recibir la final de vuelta en el Capwell, ayer salieron con un plan ofensivo, pero a la vez tomaron recaudos en la defensa.<\/p>\n<p>M\u00e1s bien los dos equipos, en una cancha mojada, decidieron rematar desde larga distancia. Pero los arqueros Javier Klimowicz y Azcona respondieron a los exigentes tiros.<\/p>\n","protected":false},"excerpt":{"rendered":"<p>El objetivo de recibir a Liga de Quito en el estadio Capwell, en la final de vuelta, a\u00fan es posible para Emelec. Los el\u00e9ctricos ganaron ayer 0-1 en su visita al Independiente Jos\u00e9 Ter\u00e1n y ser\u00e1 necesario esperar la jornada final para establecer el orden de los partidos por el t\u00edtulo. Los azules llegaron a [&hellip;]<\/p>\n","protected":false},"author":5565,"featured_media":0,"comment_status":"open","ping_status":"open","sticky":false,"template":"","format":"standard","meta":{"footnotes":""},"categories":[378],"tags":[26941],"class_list":["post-8","post","type-post","status-publish","format-standard","hentry","category-deportes","tag-emelec-final-copa-credife-2010-estadio-capwell"],"_links":{"self":[{"href":"https:\/\/blog.espol.edu.ec\/fabianmacas\/wp-json\/wp\/v2\/posts\/8","targetHints":{"allow":["GET"]}}],"collection":[{"href":"https:\/\/blog.espol.edu.ec\/fabianmacas\/wp-json\/wp\/v2\/posts"}],"about":[{"href":"https:\/\/blog.espol.edu.ec\/fabianmacas\/wp-json\/wp\/v2\/types\/post"}],"author":[{"embeddable":true,"href":"https:\/\/blog.espol.edu.ec\/fabianmacas\/wp-json\/wp\/v2\/users\/5565"}],"replies":[{"embeddable":true,"href":"https:\/\/blog.espol.edu.ec\/fabianmacas\/wp-json\/wp\/v2\/comments?post=8"}],"version-history":[{"count":2,"href":"https:\/\/blog.espol.edu.ec\/fabianmacas\/wp-json\/wp\/v2\/posts\/8\/revisions"}],"predecessor-version":[{"id":11,"href":"https:\/\/blog.espol.edu.ec\/fabianmacas\/wp-json\/wp\/v2\/posts\/8\/revisions\/11"}],"wp:attachment":[{"href":"https:\/\/blog.espol.edu.ec\/fabianmacas\/wp-json\/wp\/v2\/media?parent=8"}],"wp:term":[{"taxonomy":"category","embeddable":true,"href":"https:\/\/blog.espol.edu.ec\/fabianmacas\/wp-json\/wp\/v2\/categories?post=8"},{"taxonomy":"post_tag","embeddable":true,"href":"https:\/\/blog.espol.edu.ec\/fabianmacas\/wp-json\/wp\/v2\/tags?post=8"}],"curies":[{"name":"wp","href":"https:\/\/api.w.org\/{rel}","templated":true}]}}