{"id":118,"date":"2009-08-27T09:36:29","date_gmt":"2009-08-27T13:36:29","guid":{"rendered":"http:\/\/blog.espol.edu.ec\/faguialvarez\/?p=118"},"modified":"2009-08-27T09:37:21","modified_gmt":"2009-08-27T13:37:21","slug":"ecuador-cierra-%e2%80%9cnacam-2009%e2%80%9d","status":"publish","type":"post","link":"https:\/\/blog.espol.edu.ec\/faguialvarez\/deportes\/ecuador-cierra-%e2%80%9cnacam-2009%e2%80%9d\/","title":{"rendered":"Ecuador cierra \u201cNacam 2009\u201d"},"content":{"rendered":"<p><img loading=\"lazy\" decoding=\"async\" class=\"alignleft size-medium wp-image-120\" style=\"border: 3px solid black;margin: 3px\" src=\"http:\/\/blog.espol.edu.ec\/faguialvarez\/files\/2009\/08\/imagehandlerashx1-300x198.jpg\" alt=\"imagehandlerashx2\" width=\"300\" height=\"198\" srcset=\"https:\/\/blog.espol.edu.ec\/faguialvarez\/files\/2009\/08\/imagehandlerashx1-300x198.jpg 300w, https:\/\/blog.espol.edu.ec\/faguialvarez\/files\/2009\/08\/imagehandlerashx1.jpeg 480w\" sizes=\"auto, (max-width: 300px) 100vw, 300px\" \/>La parada final del III Campeonato Rally Nacam Championship, denominado \u201cReto Nacam Ecuador 2009\u201d tendr\u00e1 como escenario las carreteras del noroccidente de Pichincha, con el mismo recorrido trazado para la competencia local \u201cRally del Bicentenario\u201d que se realiz\u00f3 hace dos semanas atr\u00e1s.<\/p>\n<p>La prueba se cumplir\u00e1 entre el 4 y 6 de septiembre con la participaci\u00f3n de doce pilotos y sus correspondientes tripulaciones que representar\u00e1n a M\u00e9xico, Costa Rica y Ecuador, cuyos pilotos\u00a0 han preparado sus m\u00e1quinas de la mejor manera.<\/p>\n<p><!--more--><\/p>\n<p>La responsabilidad de revalidar el t\u00edtulo para Ecuador est\u00e1 depositada en los azuayos Juan Pablo Vintimilla y Gabriel Galarza, que con 14 puntos, luego de las dos primeras paradas al mando de un Peugeot 206 en la categor\u00eda 1600 cc., tienen posibilidades ciertas de lograr su prop\u00f3sito.<\/p>\n<p>El mexicano Ricardo Trivi\u00f1o, l\u00edder con 20 puntos, conduciendo un veh\u00edculo Evo 10, categor\u00eda m\u00e1s de 2000 cc., tambi\u00e9n tiene serias pretensiones de arrebatar a los ecuatorianos la corona de laureles que la ostentan desde el 2008.<\/p>\n<p>La dupla tricolor es considerada como la revelaci\u00f3n luego de las dos primeras paradas, pues es su primera aparici\u00f3n en el certamen internacional de\u00a0 esta especialidad y se ha desempe\u00f1ado en gran forma.<\/p>\n<p>En la primera v\u00e1lida que se disput\u00f3 en Guadalajara-M\u00e9xico demostr\u00f3 su capacidad al lograr el tercer lugar absoluto y el primero en la categor\u00eda A6 (1600cc) y en la de veh\u00edculos con tracci\u00f3n a las dos ruedas.<\/p>\n<p>Para la segunda v\u00e1lida en Costa Rica, Juan Pablo Vintimilla super\u00f3 las expectativas en la clase A6 (1600cc) al dominar el rally de principio a fin y tras una dura batalla con el mexicano Omar Ch\u00e1vez, quien cedi\u00f3 posiciones debido a problemas con su auto, se hizo de la primera posici\u00f3n.<strong> <\/strong><\/p>\n","protected":false},"excerpt":{"rendered":"<p>La parada final del III Campeonato Rally Nacam Championship, denominado \u201cReto Nacam Ecuador 2009\u201d tendr\u00e1 como escenario las carreteras del noroccidente de Pichincha, con el mismo recorrido trazado para la competencia local \u201cRally del Bicentenario\u201d que se realiz\u00f3 hace dos semanas atr\u00e1s. La prueba se cumplir\u00e1 entre el 4 y 6 de septiembre con la [&hellip;]<\/p>\n","protected":false},"author":2411,"featured_media":0,"comment_status":"open","ping_status":"open","sticky":false,"template":"","format":"standard","meta":{"footnotes":""},"categories":[378],"tags":[11191],"class_list":["post-118","post","type-post","status-publish","format-standard","hentry","category-deportes","tag-nacam"],"_links":{"self":[{"href":"https:\/\/blog.espol.edu.ec\/faguialvarez\/wp-json\/wp\/v2\/posts\/118","targetHints":{"allow":["GET"]}}],"collection":[{"href":"https:\/\/blog.espol.edu.ec\/faguialvarez\/wp-json\/wp\/v2\/posts"}],"about":[{"href":"https:\/\/blog.espol.edu.ec\/faguialvarez\/wp-json\/wp\/v2\/types\/post"}],"author":[{"embeddable":true,"href":"https:\/\/blog.espol.edu.ec\/faguialvarez\/wp-json\/wp\/v2\/users\/2411"}],"replies":[{"embeddable":true,"href":"https:\/\/blog.espol.edu.ec\/faguialvarez\/wp-json\/wp\/v2\/comments?post=118"}],"version-history":[{"count":2,"href":"https:\/\/blog.espol.edu.ec\/faguialvarez\/wp-json\/wp\/v2\/posts\/118\/revisions"}],"predecessor-version":[{"id":122,"href":"https:\/\/blog.espol.edu.ec\/faguialvarez\/wp-json\/wp\/v2\/posts\/118\/revisions\/122"}],"wp:attachment":[{"href":"https:\/\/blog.espol.edu.ec\/faguialvarez\/wp-json\/wp\/v2\/media?parent=118"}],"wp:term":[{"taxonomy":"category","embeddable":true,"href":"https:\/\/blog.espol.edu.ec\/faguialvarez\/wp-json\/wp\/v2\/categories?post=118"},{"taxonomy":"post_tag","embeddable":true,"href":"https:\/\/blog.espol.edu.ec\/faguialvarez\/wp-json\/wp\/v2\/tags?post=118"}],"curies":[{"name":"wp","href":"https:\/\/api.w.org\/{rel}","templated":true}]}}