{"id":123,"date":"2009-08-27T09:40:01","date_gmt":"2009-08-27T13:40:01","guid":{"rendered":"http:\/\/blog.espol.edu.ec\/faguialvarez\/?p=123"},"modified":"2009-08-27T09:40:57","modified_gmt":"2009-08-27T13:40:57","slug":"iece-busca-convenios-para-aumentar-creditos","status":"publish","type":"post","link":"https:\/\/blog.espol.edu.ec\/faguialvarez\/educacion\/iece-busca-convenios-para-aumentar-creditos\/","title":{"rendered":"IECE busca convenios para aumentar cr\u00e9ditos"},"content":{"rendered":"<p style=\"text-align: justify\"><img loading=\"lazy\" decoding=\"async\" class=\"alignleft size-medium wp-image-124\" style=\"border: 3px solid black;margin: 3px\" src=\"http:\/\/blog.espol.edu.ec\/faguialvarez\/files\/2009\/08\/imagehandlerashx2-300x198.jpg\" alt=\"imagehandlerashx3\" width=\"300\" height=\"198\" srcset=\"https:\/\/blog.espol.edu.ec\/faguialvarez\/files\/2009\/08\/imagehandlerashx2-300x198.jpg 300w, https:\/\/blog.espol.edu.ec\/faguialvarez\/files\/2009\/08\/imagehandlerashx2.jpeg 480w\" sizes=\"auto, (max-width: 300px) 100vw, 300px\" \/>Aunque el Gobierno Nacional tiene\u00a0 prioridad en la inversi\u00f3n social, la crisis econ\u00f3mica mundial mantendr\u00e1 congelados los montos que entrega el Instituto Ecuatoriano de Cr\u00e9dito Educativo (IECE), por lo menos, en el corto plazo.<\/p>\n<p>La entidad mantiene conversaciones con los establecimientos de ense\u00f1anza superior para ampliar las facilidades de\u00a0 los estudiantes.\u00a0\u00a0 161\u2019058.243 d\u00f3lares entreg\u00f3 el IECE en cr\u00e9ditos educativos, para el pa\u00eds y el exterior,\u00a0 entre 2007 y 2008<\/p>\n<p><!--more--><br \/>\nRolando Vicu\u00f1a Izquierdo, gerente de la regional 5 del IECE, afirm\u00f3 que la gesti\u00f3n, en los diferentes programas y subprogramas que maneja la entidad, no se paralizar\u00e1. \u201cEstamos manteniendo conversaciones con las autoridades universitarias para que se mantenga informados a los alumnos de los cr\u00e9ditos estudiantiles\u201d, acot\u00f3.<\/p>\n<p>Sobre una ayuda econ\u00f3mica por parte de los centros de tercer y cuarto nivel, Vicu\u00f1a dijo que esta, de momento, no es necesaria. \u201cQuien aplica a los cr\u00e9ditos determina el monto de la ayuda econ\u00f3mica\u201d puntualiz\u00f3 Vicu\u00f1a.<\/p>\n<p>Aunque se mantienen los intereses bajos y se ampli\u00f3 la cobertura, a corto plazo no se prev\u00e9 el aumento de los cr\u00e9ditos, los cuales se ubican en 10 y 20 mil d\u00f3lares para estudios nacionales e internacionales, respectivamente. Los programas de becas, en el mismo lapso, no se ver\u00e1n afectados.<\/p>\n<p>\u201cLa instituci\u00f3n ha mantenido a lo largo de los a\u00f1os la oferta de becas internacionales y ha incrementado notoriamente la administraci\u00f3n de becas nacionales\u201d, afirm\u00f3 Vicu\u00f1a. En 2008, el IECE inici\u00f3 el \u201cPrograma Nacional de Becas\u201d aprobado por la Secretar\u00eda Nacional de Planificaci\u00f3n y Desarrollo (Senplades) para su ejecuci\u00f3n en 5 a\u00f1os y\u00a0 se adjudicaron 13.642 becas para abanderados del Pabell\u00f3n Nacional de escuelas y colegios p\u00fablicos.<\/p>\n<p>Entre 2007 y 2008, se entregaron m\u00e1s de 41 mil cr\u00e9ditos por un monto que supera los 161 millones de d\u00f3lares. Estas cifras superan incluso a la suma del periodo comprendido entre 2004 y 2006, cuando se entregaron 34.840 cr\u00e9ditos por aproximadamente 88 millones de d\u00f3lares.<\/p>\n<p>Hasta el segundo semestre de 2008, el IECE solo actuaba como administrador de los programas de becas<br \/>\nEl aumento del l\u00edmite de los cr\u00e9ditos para estudios nacionales e internacionales, el plazo de pago (de cinco a siete a\u00f1os para estudios en el pa\u00eds y hasta ocho, en el exterior), y la baja de intereses (de 7,7% a 4,67%), permiti\u00f3 tambi\u00e9n la disminuci\u00f3n de la tasa de mora del 19% al 9%, que equivale a US$ 6 millones.<\/p>\n<p>Fabi\u00e1n Solano, gerente general del IECE, indic\u00f3 que este balance se debe al aumento de los programas de cr\u00e9ditos y becas de la entidad, en cooperaci\u00f3n con otras unidades gubernamentales y acad\u00e9micas, tanto del Ecuador como de otros pa\u00edses. Uno de los m\u00e1s recientes, es el subprograma de Inclusi\u00f3n Social, Eloy Alfaro, que beneficia a estudiantes de escasos recursos que demuestren un buen rendimiento acad\u00e9mico.<\/p>\n<p>Hasta el segundo semestre del a\u00f1o pasado, el IECE solo actuaba como administrador de las\u00a0\u00a0 becas hasta la creaci\u00f3n de un programa nacional para el cual el Ministerio de Finanzas aprob\u00f3 7 millones de d\u00f3lares para 2009.<\/p>\n<p>\u201cPara 2008, superamos lo planificado en un 147% y esperamos que esto se repita al final de 2009\u201d, dijo Solano.<\/p>\n<p>Sin embargo, seg\u00fan algunos estudiantes y profesionales, a\u00fan se mantienen ciertas dificultades al momento de acceder a los servicios del IECE.<\/p>\n<p>Cristian, quien no quiso proporcionar su\u00a0 apellido, buscaba acceder a un cr\u00e9dito para una carrera en la Facultad de Jurisprudencia de la Universidad de Guayaquil y asegur\u00f3 que, tras varias semanas de tr\u00e1mites, no lo consigui\u00f3.<\/p>\n<p>\u201cCada vez me han salido con nuevas observaciones\u201d, acot\u00f3. Agreg\u00f3 que deber\u00edan especificar mejor los requisitos en la p\u00e1gina web de la instituci\u00f3n (<a href=\"http:\/\/www.iece.fin.ec\/\">www.iece.fin.ec<\/a>).<\/p>\n<p>En esto coincide Marcos Veloz, ingeniero de profesi\u00f3n, quien busca realizar una maestr\u00eda de Ingenier\u00eda Geol\u00f3gica Aplicada a la Obra Civil, en la Universidad T\u00e9cnica Particular de Loja (UTPL). \u201cLa informaci\u00f3n disponible es clara pero no especifica otros detalles menores pero importantes\u201d, asever\u00f3 Veloz.<\/p>\n<p>Al respecto, el gerente de la regional 5 del IECE indic\u00f3 que los requisitos, los cuales fueron cambiados a inicios de a\u00f1o, no complican el acceso a los cr\u00e9ditos. \u201cTanto los nuevos montos como los requisitos fueron analizados y elaborados a partir de las observaciones realizadas por los mismos usuarios\u201d, dijo Vicu\u00f1a.<\/p>\n","protected":false},"excerpt":{"rendered":"<p>Aunque el Gobierno Nacional tiene\u00a0 prioridad en la inversi\u00f3n social, la crisis econ\u00f3mica mundial mantendr\u00e1 congelados los montos que entrega el Instituto Ecuatoriano de Cr\u00e9dito Educativo (IECE), por lo menos, en el corto plazo. La entidad mantiene conversaciones con los establecimientos de ense\u00f1anza superior para ampliar las facilidades de\u00a0 los estudiantes.\u00a0\u00a0 161\u2019058.243 d\u00f3lares entreg\u00f3 el [&hellip;]<\/p>\n","protected":false},"author":2411,"featured_media":0,"comment_status":"open","ping_status":"open","sticky":false,"template":"","format":"standard","meta":{"footnotes":""},"categories":[852],"tags":[5858],"class_list":["post-123","post","type-post","status-publish","format-standard","hentry","category-educacion","tag-iece"],"_links":{"self":[{"href":"https:\/\/blog.espol.edu.ec\/faguialvarez\/wp-json\/wp\/v2\/posts\/123","targetHints":{"allow":["GET"]}}],"collection":[{"href":"https:\/\/blog.espol.edu.ec\/faguialvarez\/wp-json\/wp\/v2\/posts"}],"about":[{"href":"https:\/\/blog.espol.edu.ec\/faguialvarez\/wp-json\/wp\/v2\/types\/post"}],"author":[{"embeddable":true,"href":"https:\/\/blog.espol.edu.ec\/faguialvarez\/wp-json\/wp\/v2\/users\/2411"}],"replies":[{"embeddable":true,"href":"https:\/\/blog.espol.edu.ec\/faguialvarez\/wp-json\/wp\/v2\/comments?post=123"}],"version-history":[{"count":3,"href":"https:\/\/blog.espol.edu.ec\/faguialvarez\/wp-json\/wp\/v2\/posts\/123\/revisions"}],"predecessor-version":[{"id":127,"href":"https:\/\/blog.espol.edu.ec\/faguialvarez\/wp-json\/wp\/v2\/posts\/123\/revisions\/127"}],"wp:attachment":[{"href":"https:\/\/blog.espol.edu.ec\/faguialvarez\/wp-json\/wp\/v2\/media?parent=123"}],"wp:term":[{"taxonomy":"category","embeddable":true,"href":"https:\/\/blog.espol.edu.ec\/faguialvarez\/wp-json\/wp\/v2\/categories?post=123"},{"taxonomy":"post_tag","embeddable":true,"href":"https:\/\/blog.espol.edu.ec\/faguialvarez\/wp-json\/wp\/v2\/tags?post=123"}],"curies":[{"name":"wp","href":"https:\/\/api.w.org\/{rel}","templated":true}]}}