{"id":15,"date":"2009-06-20T00:10:22","date_gmt":"2009-06-20T04:10:22","guid":{"rendered":"http:\/\/blog.espol.edu.ec\/faguialvarez\/?p=15"},"modified":"2009-06-25T23:25:20","modified_gmt":"2009-06-26T03:25:20","slug":"federer-a-un-paso-de-volver-a-ser-primero","status":"publish","type":"post","link":"https:\/\/blog.espol.edu.ec\/faguialvarez\/deportes\/federer-a-un-paso-de-volver-a-ser-primero\/","title":{"rendered":"Federer, a un paso de volver a ser primero."},"content":{"rendered":"<p style=\"text-align: justify\"><img loading=\"lazy\" decoding=\"async\" class=\"size-medium wp-image-22 alignleft\" style=\"margin: 3px;border: 3px solid black\" src=\"http:\/\/blog.espol.edu.ec\/faguialvarez\/files\/2009\/06\/roger-federer-y-rafael-nadal-posaron-juntos-antes-del-comienzo-del-partido-roland-garros-2007-1037-300x265.jpg\" alt=\"roger-federer-y-rafael-nadal-posaron-juntos-antes-del-comienzo-del-partido-roland-garros-2007-1037\" width=\"300\" height=\"265\" srcset=\"https:\/\/blog.espol.edu.ec\/faguialvarez\/files\/2009\/06\/roger-federer-y-rafael-nadal-posaron-juntos-antes-del-comienzo-del-partido-roland-garros-2007-1037-300x265.jpg 300w, https:\/\/blog.espol.edu.ec\/faguialvarez\/files\/2009\/06\/roger-federer-y-rafael-nadal-posaron-juntos-antes-del-comienzo-del-partido-roland-garros-2007-1037.jpg 512w\" sizes=\"auto, (max-width: 300px) 100vw, 300px\" \/><\/p>\n<p style=\"text-align: justify\">\n<p style=\"text-align: justify\">Federer necesita ganar el t\u00edtulo en Wimbledon para convertirse en el n\u00famero uno del mundo.<\/p>\n<p style=\"text-align: justify\">Rafael Nadal \u00a0anunci\u00f3 hoy que no participar\u00e1 en el torneo.<\/p>\n<p style=\"text-align: justify\">La baja del espa\u00f1ol Rafael Nadal en el torneo de Wimbledon, anunciada este viernes por el propio jugador en All England Tennis Club, abre las puertas al suizo Roger Federer para recuperar el puesto de n\u00famero uno del mundo.<\/p>\n<p style=\"text-align: justify\">Nadal perder\u00eda el n\u00famero uno solo si Federer gana el torneo, pero nunca ser\u00e1 superado por el brit\u00e1nico Andy Murray, ni aunque \u00e9ste \u00faltimo venza en una hipot\u00e9tica final contra el suizo. Nadal, en el peor de los casos acabar\u00eda el dos al final del torneo.<\/p>\n<p style=\"text-align: justify\">\n<p style=\"text-align: justify\">\n<p><!--more--><\/p>\n<p>Las alarmas se dispararon tras ceder Rafael Nadal en los octavos de final de Roland Garros ante el sueco Robin Soderling, su primera derrota en Par\u00eds en cinco a\u00f1os de participaci\u00f3n, donde hab\u00eda logrado cuatro t\u00edtulos. All\u00ed comenz\u00f3 una espiral de sinsabores para el jugador de Manacor.<\/p>\n<p>Nadal pareci\u00f3 asumir aquella derrota ante Soderling como algo previsible, \"alg\u00fan d\u00eda ten\u00eda que llegar\", dijo, pero los rumores de que estaba lesionado en sus rodillas surgieron cuando unos d\u00edas despu\u00e9s el espa\u00f1ol comunic\u00f3 que se borraba del torneo de Queen's, antesala de Wimbledon y que tambi\u00e9n conquist\u00f3 el a\u00f1o pasado.<\/p>\n<p>\"Llevo jugando con dolor en mis rodillas varios meses y personalmente no puedo seguir as\u00ed. El dolor me limitaba f\u00edsicamente ciertos movimientos lo cual hac\u00eda que tampoco me encontrara bien mentalmente\", dijo entonces Nadal, que luego se someti\u00f3 a una serie de revisiones m\u00e9dicas con el doctor Angel Ru\u00edz Cotorro.<\/p>\n<p>El doctor confirm\u00f3 la lesi\u00f3n y se\u00f1al\u00f3 que, tras las pruebas realizadas (RNM, ecograf\u00eda y gammagraf\u00eda osea) Nadal presentaba una \"Tendinitis de Inserci\u00f3n\" de ambos tendones cuadricipitales con ligero edema \u00f3seo en ambos polos superiores de rotula.\"<\/p>\n<p>\"Ser\u00e1 sometido a tratamiento intensivo a base de antiinflamatorios orales, mesoterapia local, m\u00e1s fisioterapia (magnetoterapia, termoterapia), as\u00ed como potenciaci\u00f3n muscular progresiva de ambos cu\u00e1driceps\", dijo Cotorro.<\/p>\n<p>Pese a todo Nadal confirm\u00f3 el nueve de junio que viajar\u00eda a Londres siete d\u00edas despu\u00e9s. \"Tras las pruebas realizadas ayer lunes y hoy martes, y con el tratamiento adecuado requerido por los m\u00e9dicos, hemos decidido que viajar\u00e9 a Londres el pr\u00f3ximo martes d\u00eda 16 de junio\", se\u00f1al\u00f3 entonces Nadal.<\/p>\n<p>\"Voy a dar el 200 por cien para poder estar al 100 por cien en la cita m\u00e1s importante del tenis mundial y el torneo que m\u00e1s ilusi\u00f3n me hizo siempre. No saldr\u00e9 a ninguna pista y mucho menos la central de Wimbledon a ver qu\u00e9 pasa. Si salgo s\u00e9 que estar\u00e9 al cien por cien. Me quedan por delante dos semanas muy duras de recuperaci\u00f3n donde tendr\u00e9 que trabajar, no en lo que m\u00e1s me gusta que es el tenis, sino en la recuperaci\u00f3n a base de fisioterapia y trabajo de recuperaci\u00f3n muscular espec\u00edfico de la zona\", a\u00f1adi\u00f3 el jugador.<\/p>\n<p>Nadal despu\u00e9s, decidi\u00f3 probarse participando de nuevo en el torneo de exhibici\u00f3n que se disputa en el Club Hurlingham de Londres, tres d\u00edas antes del comienzo de Wimbledon.<\/p>\n<p>\"He sido amablemente invitado a jugar esta tradicional exhibici\u00f3n en Hurlingham este viernes. Ser\u00eda una buena prueba para mi jugar all\u00ed para ver la evoluci\u00f3n de mi rodilla y adem\u00e1s servir\u00eda de entrenamiento para Wimbledon\", dijo Nadal.<\/p>\n<p>\"Si veo que la recuperaci\u00f3n va bien, me encantar\u00eda jugar all\u00ed una vez m\u00e1s. Ojal\u00e1 sea as\u00ed\", coment\u00f3 el jugador, que deseaba forzar al m\u00e1ximo su puesta a punto, pero sobre todo comprobar como estaban sus rodillas en plena competici\u00f3n.<\/p>\n<p>Nadal jug\u00f3 el primer partido de esta exhibici\u00f3n contra el australiano Lleyton Hewitt, y perdi\u00f3 por 6-4 y 6-3. Pero lo peor no fue la derrota, si no que dio muestras de no estar a\u00fan recuperado de su lesi\u00f3n. Rafa no quiso hacer declaraciones pero su t\u00edo y entrenador, Toni Nadal, admiti\u00f3 lo que ya se tem\u00eda.<\/p>\n<p>\"Rafa est\u00e1 teniendo dificultades al doblar las rodillas y (parece que) los tratamientos que ha recibido no son suficientes\". Y preguntado si el n\u00famero uno del tenis mundial podr\u00e1 defender el t\u00edtulo de Wimbledon logrado el pasado a\u00f1o, el entrenador respondi\u00f3: \"No lo s\u00e9. Tenemos que esperar hasta ma\u00f1ana\".<\/p>\n<p>Con la baja para Wimbledon, confirmada hoy por el propio jugador tras disputar el segundo partido, el suizo Roger Federer tiene, en teor\u00eda, mucho m\u00e1s f\u00e1cil la victoria en Wimbledon, donde de ganar su sexta corona, recuperar\u00eda el puesto de n\u00famero uno del mundo, y adem\u00e1s romper\u00eda el r\u00e9cord que comparte con el estadounidense Pete Sampras de 14 Grand Slams, igualado hace dos semanas al ganar por primera vez Roland Garros.<\/p>\n<p>Federer necesita ganar el t\u00edtulo en Wimbledon para ser n\u00famero uno, y Nadal volver\u00eda entonces a ser segundo del mundo, de nuevo.<\/p>\n","protected":false},"excerpt":{"rendered":"<p>Federer necesita ganar el t\u00edtulo en Wimbledon para convertirse en el n\u00famero uno del mundo. Rafael Nadal \u00a0anunci\u00f3 hoy que no participar\u00e1 en el torneo. La baja del espa\u00f1ol Rafael Nadal en el torneo de Wimbledon, anunciada este viernes por el propio jugador en All England Tennis Club, abre las puertas al suizo Roger Federer [&hellip;]<\/p>\n","protected":false},"author":2411,"featured_media":0,"comment_status":"open","ping_status":"open","sticky":false,"template":"","format":"standard","meta":{"footnotes":""},"categories":[378],"tags":[7271,8244],"class_list":["post-15","post","type-post","status-publish","format-standard","hentry","category-deportes","tag-federer","tag-nadal"],"_links":{"self":[{"href":"https:\/\/blog.espol.edu.ec\/faguialvarez\/wp-json\/wp\/v2\/posts\/15","targetHints":{"allow":["GET"]}}],"collection":[{"href":"https:\/\/blog.espol.edu.ec\/faguialvarez\/wp-json\/wp\/v2\/posts"}],"about":[{"href":"https:\/\/blog.espol.edu.ec\/faguialvarez\/wp-json\/wp\/v2\/types\/post"}],"author":[{"embeddable":true,"href":"https:\/\/blog.espol.edu.ec\/faguialvarez\/wp-json\/wp\/v2\/users\/2411"}],"replies":[{"embeddable":true,"href":"https:\/\/blog.espol.edu.ec\/faguialvarez\/wp-json\/wp\/v2\/comments?post=15"}],"version-history":[{"count":7,"href":"https:\/\/blog.espol.edu.ec\/faguialvarez\/wp-json\/wp\/v2\/posts\/15\/revisions"}],"predecessor-version":[{"id":72,"href":"https:\/\/blog.espol.edu.ec\/faguialvarez\/wp-json\/wp\/v2\/posts\/15\/revisions\/72"}],"wp:attachment":[{"href":"https:\/\/blog.espol.edu.ec\/faguialvarez\/wp-json\/wp\/v2\/media?parent=15"}],"wp:term":[{"taxonomy":"category","embeddable":true,"href":"https:\/\/blog.espol.edu.ec\/faguialvarez\/wp-json\/wp\/v2\/categories?post=15"},{"taxonomy":"post_tag","embeddable":true,"href":"https:\/\/blog.espol.edu.ec\/faguialvarez\/wp-json\/wp\/v2\/tags?post=15"}],"curies":[{"name":"wp","href":"https:\/\/api.w.org\/{rel}","templated":true}]}}