{"id":19,"date":"2009-06-20T00:20:54","date_gmt":"2009-06-20T04:20:54","guid":{"rendered":"http:\/\/blog.espol.edu.ec\/faguialvarez\/?p=19"},"modified":"2009-06-25T23:33:35","modified_gmt":"2009-06-26T03:33:35","slug":"ecuador-vs-colombia-en-medellin","status":"publish","type":"post","link":"https:\/\/blog.espol.edu.ec\/faguialvarez\/deportes\/ecuador-vs-colombia-en-medellin\/","title":{"rendered":"Ecuador vs. Colombia en Medellin"},"content":{"rendered":"<p><img loading=\"lazy\" decoding=\"async\" class=\"size-medium wp-image-20 alignright\" style=\"margin: 3px;border: 3px solid black\" src=\"http:\/\/blog.espol.edu.ec\/faguialvarez\/files\/2009\/06\/imagehandlerashx-1-300x200.jpg\" alt=\"imagehandlerashx-1\" width=\"300\" height=\"200\" srcset=\"https:\/\/blog.espol.edu.ec\/faguialvarez\/files\/2009\/06\/imagehandlerashx-1-300x200.jpg 300w, https:\/\/blog.espol.edu.ec\/faguialvarez\/files\/2009\/06\/imagehandlerashx-1.jpg 480w\" sizes=\"auto, (max-width: 300px) 100vw, 300px\" \/><\/p>\n<p>La dirigencia del f\u00fatbol colombiano decidi\u00f3 cambiar de sede para el partido porque Bogot\u00e1 (2.600 metros) es similar a la de Quito (2.850 metros).<\/p>\n<p>El encuentro, v\u00e1lido por la decimoquinta fecha de las eliminatorias sudamericanas rumbo al Mundial de \u00a0 \u00a0 \u00a0Sud\u00e1frica-2010, se disputar\u00e1 en septiembre en Medell\u00edn (noroeste), y no en Bogot\u00e1, anunci\u00f3 ayer la Federaci\u00f3n Colombiana de F\u00fatbol.<\/p>\n<p>Seg\u00fan el vicepresidente del organismo, Ram\u00f3n Jesur\u00fan, la altura de Bogot\u00e1 (2.600 metros) es similar a la de Quito (2.850 metros), por lo que jugar en la capital colombiana significar\u00eda una ventaja de entrada para Ecuador.<\/p>\n<p>\u201cEl sentido com\u00fan nos indica que es mejor actuar en Medell\u00edn\u201d, se\u00f1al\u00f3 el directivo. \u00a0El encuentro estaba programado inicialmente en Bogot\u00e1.<\/p>\n<p><!--more--><\/p>\n<p>La segunda ciudad colombiana, unos 400 km al noroeste de la capital y ubicada a 1.538 metros de altitud, fue sede del encuentro que Colombia le gan\u00f3 a Per\u00fa 1-0, el pasado 10 de junio por la decimocuarta jornada del premundial.<\/p>\n<p>El comit\u00e9 ejecutivo de la Federaci\u00f3n dijo haber tomado la decisi\u00f3n de recibir a Ecuador en Medell\u00edn, tras \u201crevisar en detalle las evaluaciones y conceptos m\u00e9dicos del cuerpo t\u00e9cnico\u201d con respecto al desempe\u00f1o de los cafeteros en el choque contra Per\u00fa.<\/p>\n<p>La entidad tambi\u00e9n inform\u00f3 que pedir\u00e1 a la FIFA que el partido contra el seleccionado ecuatoriano se juegue el 5 de septiembre a las 16:00.<\/p>\n<p>Colombia, con 17 puntos, y Ecuador, con 20, ocupan el s\u00e9ptimo y quinto puestos del certamen sudamericano que es liderado por Brasil (27).<\/p>\n<p>El clasificatorio otorga cuatro cupos directos y al quinto la posibilidad de una repesca contra el cuarto lugar de la Concacaf, por la cual pugnan precisamente Colombia y Ecuador, m\u00e1s Uruguay y Venezuela.<\/p>\n","protected":false},"excerpt":{"rendered":"<p>La dirigencia del f\u00fatbol colombiano decidi\u00f3 cambiar de sede para el partido porque Bogot\u00e1 (2.600 metros) es similar a la de Quito (2.850 metros). El encuentro, v\u00e1lido por la decimoquinta fecha de las eliminatorias sudamericanas rumbo al Mundial de \u00a0 \u00a0 \u00a0Sud\u00e1frica-2010, se disputar\u00e1 en septiembre en Medell\u00edn (noroeste), y no en Bogot\u00e1, anunci\u00f3 ayer [&hellip;]<\/p>\n","protected":false},"author":2411,"featured_media":0,"comment_status":"open","ping_status":"open","sticky":false,"template":"","format":"standard","meta":{"footnotes":""},"categories":[378],"tags":[6763,70,8245],"class_list":["post-19","post","type-post","status-publish","format-standard","hentry","category-deportes","tag-colombia","tag-ecuador","tag-mundial"],"_links":{"self":[{"href":"https:\/\/blog.espol.edu.ec\/faguialvarez\/wp-json\/wp\/v2\/posts\/19","targetHints":{"allow":["GET"]}}],"collection":[{"href":"https:\/\/blog.espol.edu.ec\/faguialvarez\/wp-json\/wp\/v2\/posts"}],"about":[{"href":"https:\/\/blog.espol.edu.ec\/faguialvarez\/wp-json\/wp\/v2\/types\/post"}],"author":[{"embeddable":true,"href":"https:\/\/blog.espol.edu.ec\/faguialvarez\/wp-json\/wp\/v2\/users\/2411"}],"replies":[{"embeddable":true,"href":"https:\/\/blog.espol.edu.ec\/faguialvarez\/wp-json\/wp\/v2\/comments?post=19"}],"version-history":[{"count":6,"href":"https:\/\/blog.espol.edu.ec\/faguialvarez\/wp-json\/wp\/v2\/posts\/19\/revisions"}],"predecessor-version":[{"id":80,"href":"https:\/\/blog.espol.edu.ec\/faguialvarez\/wp-json\/wp\/v2\/posts\/19\/revisions\/80"}],"wp:attachment":[{"href":"https:\/\/blog.espol.edu.ec\/faguialvarez\/wp-json\/wp\/v2\/media?parent=19"}],"wp:term":[{"taxonomy":"category","embeddable":true,"href":"https:\/\/blog.espol.edu.ec\/faguialvarez\/wp-json\/wp\/v2\/categories?post=19"},{"taxonomy":"post_tag","embeddable":true,"href":"https:\/\/blog.espol.edu.ec\/faguialvarez\/wp-json\/wp\/v2\/tags?post=19"}],"curies":[{"name":"wp","href":"https:\/\/api.w.org\/{rel}","templated":true}]}}