{"id":30,"date":"2009-06-22T00:30:27","date_gmt":"2009-06-22T04:30:27","guid":{"rendered":"http:\/\/blog.espol.edu.ec\/faguialvarez\/?p=30"},"modified":"2009-06-25T23:34:59","modified_gmt":"2009-06-26T03:34:59","slug":"sigue-la-mala-racha","status":"publish","type":"post","link":"https:\/\/blog.espol.edu.ec\/faguialvarez\/deportes\/sigue-la-mala-racha\/","title":{"rendered":"Sigue la mala racha."},"content":{"rendered":"<p><img loading=\"lazy\" decoding=\"async\" class=\"size-medium wp-image-32 alignleft\" style=\"margin: 3px;border: 3px solid black\" src=\"http:\/\/blog.espol.edu.ec\/faguialvarez\/files\/2009\/06\/imagehandlerashx-21-300x200.jpg\" alt=\"imagehandlerashx-21\" width=\"300\" height=\"200\" srcset=\"https:\/\/blog.espol.edu.ec\/faguialvarez\/files\/2009\/06\/imagehandlerashx-21-300x200.jpg 300w, https:\/\/blog.espol.edu.ec\/faguialvarez\/files\/2009\/06\/imagehandlerashx-21.jpg 480w\" sizes=\"auto, (max-width: 300px) 100vw, 300px\" \/><\/p>\n<p>La decadencia futbol\u00edstica de Barcelona se reflej\u00f3 nuevamente en la cancha y ahora se sum\u00f3 en las gradas, porque ni la \u201cSur Oscura\u201d lleg\u00f3 a Ambato a respaldar a su equipo.<\/p>\n<p>Ayer Barcelona volvi\u00f3 a demostrar que no tiene un hombre que genere f\u00fatbol, que sus intentos por anotar son meras insinuaciones y no jugadas de real peligro.<\/p>\n<p>Macar\u00e1 y Barcelona abusaron del roce, del juego trabado en la primera mitad del compromiso. Las pocas jugadas de emoci\u00f3n que tuvo el cotejo en el arranque se olvidaron r\u00e1pidamente, ya que el partido en su gran magnitud se disput\u00f3 con un bajo nivel.<\/p>\n<p><!--more--><\/p>\n<p>Los due\u00f1os de casa fueron los que intentaron abrir el marcador. Por ello, en los primeros minutos empezaron con todo su potencial en busca del arco de M\u00e1ximo Banguera.\u00a0Luis Miguel Garc\u00e9s fue el delantero que m\u00e1s desbord\u00f3 a la defensa amarilla, mientras que el argentino Juan Carlos Ferreyra se dedic\u00f3 a luchar balones con los defensas Jos\u00e9 Luis Perlaza y Carlos Castro.<\/p>\n<p>Entres los dos atacantes ambate\u00f1os crearon la primera opci\u00f3n de gol. Tras un error de Wilson Folleco, quien dej\u00f3 picando el bal\u00f3n cerca del \u00e1rea, Garc\u00e9s luch\u00f3 con \u00d3scar Bag\u00fc\u00ed y el rebote termin\u00f3 en la cabeza de Ferreyra que no concret\u00f3.<\/p>\n<p>Despu\u00e9s, el mismo ariete tuvo otra oportunidad. Su remate termin\u00f3 en las manos de M\u00e1ximo Banguera.<\/p>\n<p>En Barcelona, los volantes Fernando y Carlos Hidalgo se mostraron m\u00e1s para recuperar balones y Ra\u00fal Rom\u00e1n comenz\u00f3 a conectarse con los delanteros. Entre Pablo Palacios, Derlis Florent\u00edn y Rom\u00e1n, el equipo tej\u00eda jugadas de ataque, pero la falta de gol era el mal canario.<\/p>\n<p>Palacios cont\u00f3 con la m\u00e1s clara. Un pase de Florent\u00edn dej\u00f3 en posici\u00f3n de remate al \u2018Cabez\u00f3n\u2019. Su tiro buscaba red, pero en el camino se interpuso una camiseta celeste que desvi\u00f3 el esf\u00e9rico.<\/p>\n<p>El complemento se inici\u00f3 con Pablo Palacios buscando el gol, pero sin acompa\u00f1antes en ofensiva. Folleco inquiet\u00f3 el arco de Zumba y desde ah\u00ed Barcelona se apag\u00f3. Macar\u00e1 empez\u00f3 a carburar con Gabriel Fern\u00e1ndez como organizador.<\/p>\n<p>La defensa amarilla se replegaba y hac\u00eda que Macar\u00e1 llegue con muchos hombres al ataque. Ese f\u00fatbol har\u00eda que Luis Miguel Garc\u00e9s facture. Un centro de Fern\u00e1ndez fue la puerta al gol local. Garc\u00e9s, peque\u00f1o de estatura, se adelant\u00f3 a los espigados zagueros toreros y conect\u00f3 de cabeza. Cay\u00f3 la valla de Banguera, que como siempre poco pudo hacer.<\/p>\n<p>Luego Ferreyra dej\u00f3 en el camino a Perlaza en el \u00e1rea, y se lanz\u00f3 al piso. El \u00e1rbitro Alfredo Intriago cay\u00f3 en la trampa y decret\u00f3 penalti, que Fern\u00e1ndez hizo efectivo.<\/p>\n<p>Barcelona, sin su gente en las gradas, se qued\u00f3 con diez hombres tras una fuerte falta del volante Gustavo Nazareno al lateral Cristian Castro.<\/p>\n<p>Juan Manuel Llop, nuevo DT amarillo, vio el partido desde el palco del estadio Bellavista junto a los directivos Ra\u00fal Noriega y Alfonso Harb.<\/p>\n","protected":false},"excerpt":{"rendered":"<p>La decadencia futbol\u00edstica de Barcelona se reflej\u00f3 nuevamente en la cancha y ahora se sum\u00f3 en las gradas, porque ni la \u201cSur Oscura\u201d lleg\u00f3 a Ambato a respaldar a su equipo. Ayer Barcelona volvi\u00f3 a demostrar que no tiene un hombre que genere f\u00fatbol, que sus intentos por anotar son meras insinuaciones y no jugadas [&hellip;]<\/p>\n","protected":false},"author":2411,"featured_media":0,"comment_status":"open","ping_status":"open","sticky":false,"template":"","format":"standard","meta":{"footnotes":""},"categories":[378],"tags":[62,59],"class_list":["post-30","post","type-post","status-publish","format-standard","hentry","category-deportes","tag-barcelona","tag-futbol"],"_links":{"self":[{"href":"https:\/\/blog.espol.edu.ec\/faguialvarez\/wp-json\/wp\/v2\/posts\/30","targetHints":{"allow":["GET"]}}],"collection":[{"href":"https:\/\/blog.espol.edu.ec\/faguialvarez\/wp-json\/wp\/v2\/posts"}],"about":[{"href":"https:\/\/blog.espol.edu.ec\/faguialvarez\/wp-json\/wp\/v2\/types\/post"}],"author":[{"embeddable":true,"href":"https:\/\/blog.espol.edu.ec\/faguialvarez\/wp-json\/wp\/v2\/users\/2411"}],"replies":[{"embeddable":true,"href":"https:\/\/blog.espol.edu.ec\/faguialvarez\/wp-json\/wp\/v2\/comments?post=30"}],"version-history":[{"count":6,"href":"https:\/\/blog.espol.edu.ec\/faguialvarez\/wp-json\/wp\/v2\/posts\/30\/revisions"}],"predecessor-version":[{"id":82,"href":"https:\/\/blog.espol.edu.ec\/faguialvarez\/wp-json\/wp\/v2\/posts\/30\/revisions\/82"}],"wp:attachment":[{"href":"https:\/\/blog.espol.edu.ec\/faguialvarez\/wp-json\/wp\/v2\/media?parent=30"}],"wp:term":[{"taxonomy":"category","embeddable":true,"href":"https:\/\/blog.espol.edu.ec\/faguialvarez\/wp-json\/wp\/v2\/categories?post=30"},{"taxonomy":"post_tag","embeddable":true,"href":"https:\/\/blog.espol.edu.ec\/faguialvarez\/wp-json\/wp\/v2\/tags?post=30"}],"curies":[{"name":"wp","href":"https:\/\/api.w.org\/{rel}","templated":true}]}}