{"id":68,"date":"2012-11-07T02:32:58","date_gmt":"2012-11-07T02:32:58","guid":{"rendered":"http:\/\/blog.espol.edu.ec\/fbriera\/?p=68"},"modified":"2012-11-07T02:32:58","modified_gmt":"2012-11-07T02:32:58","slug":"fast-and-furious-la-quinta-y-sexta-seran-una-realidad","status":"publish","type":"post","link":"https:\/\/blog.espol.edu.ec\/fbriera\/2012\/11\/07\/fast-and-furious-la-quinta-y-sexta-seran-una-realidad\/","title":{"rendered":"Fast and Furious la Quinta y Sexta ser\u00e1n una realidad"},"content":{"rendered":"<p><a href=\"http:\/\/blog.espol.edu.ec\/fbriera\/files\/2012\/11\/fast61.jpeg\"><img loading=\"lazy\" decoding=\"async\" class=\"aligncenter size-full wp-image-70\" src=\"http:\/\/blog.espol.edu.ec\/fbriera\/files\/2012\/11\/fast61.jpeg\" alt=\"\" width=\"520\" height=\"693\" srcset=\"https:\/\/blog.espol.edu.ec\/fbriera\/files\/2012\/11\/fast61.jpeg 520w, https:\/\/blog.espol.edu.ec\/fbriera\/files\/2012\/11\/fast61-225x300.jpg 225w\" sizes=\"auto, (max-width: 520px) 100vw, 520px\" \/><\/a><\/p>\n<p>Parece que se van de largo, Vin Diesel confirma que no solo se quedaran en 4 partes, sino que abran 2 pel\u00edculas m\u00e1s, cuando muchos creen que el tuning ya esta medio muerto, las taquillas en los cines demuestran en inter\u00e9s de la gente por esta afici\u00f3n.<\/p>\n<p>Paul Walker confirmo el a\u00f1o pasado la Quinta pel\u00edcula, y que se iba a desarrollar en Europa, la duda es que tipo de autos usaran, ser\u00e1n ex\u00f3ticos? Bueno las dudas pronto se despejaran.<\/p>\n<p>Esta noticia la publico Vin Diesel en su Facebook, la cual cuenta con 7 millones de fans, nada seguido el tipo.<\/p>\n","protected":false},"excerpt":{"rendered":"<p>Parece que se van de largo, Vin Diesel confirma que no solo se quedaran en 4 partes, sino que abran 2 pel\u00edculas m\u00e1s, cuando muchos creen que el tuning ya esta medio muerto, las taquillas en los cines demuestran en inter\u00e9s de la gente por esta afici\u00f3n. Paul Walker confirmo el a\u00f1o pasado la Quinta &hellip; <\/p>\n<p><a class=\"more-link btn\" href=\"https:\/\/blog.espol.edu.ec\/fbriera\/2012\/11\/07\/fast-and-furious-la-quinta-y-sexta-seran-una-realidad\/\">Seguir leyendo<\/a><\/p>\n","protected":false},"author":8170,"featured_media":0,"comment_status":"open","ping_status":"open","sticky":false,"template":"","format":"standard","meta":{"footnotes":""},"categories":[818],"tags":[],"class_list":["post-68","post","type-post","status-publish","format-standard","hentry","category-sin-categoria","item-wrap"],"_links":{"self":[{"href":"https:\/\/blog.espol.edu.ec\/fbriera\/wp-json\/wp\/v2\/posts\/68","targetHints":{"allow":["GET"]}}],"collection":[{"href":"https:\/\/blog.espol.edu.ec\/fbriera\/wp-json\/wp\/v2\/posts"}],"about":[{"href":"https:\/\/blog.espol.edu.ec\/fbriera\/wp-json\/wp\/v2\/types\/post"}],"author":[{"embeddable":true,"href":"https:\/\/blog.espol.edu.ec\/fbriera\/wp-json\/wp\/v2\/users\/8170"}],"replies":[{"embeddable":true,"href":"https:\/\/blog.espol.edu.ec\/fbriera\/wp-json\/wp\/v2\/comments?post=68"}],"version-history":[{"count":2,"href":"https:\/\/blog.espol.edu.ec\/fbriera\/wp-json\/wp\/v2\/posts\/68\/revisions"}],"predecessor-version":[{"id":72,"href":"https:\/\/blog.espol.edu.ec\/fbriera\/wp-json\/wp\/v2\/posts\/68\/revisions\/72"}],"wp:attachment":[{"href":"https:\/\/blog.espol.edu.ec\/fbriera\/wp-json\/wp\/v2\/media?parent=68"}],"wp:term":[{"taxonomy":"category","embeddable":true,"href":"https:\/\/blog.espol.edu.ec\/fbriera\/wp-json\/wp\/v2\/categories?post=68"},{"taxonomy":"post_tag","embeddable":true,"href":"https:\/\/blog.espol.edu.ec\/fbriera\/wp-json\/wp\/v2\/tags?post=68"}],"curies":[{"name":"wp","href":"https:\/\/api.w.org\/{rel}","templated":true}]}}