{"id":7,"date":"2009-06-17T23:57:03","date_gmt":"2009-06-18T03:57:03","guid":{"rendered":"http:\/\/blog.espol.edu.ec\/fernandorizzo\/?p=7"},"modified":"2009-06-18T00:18:44","modified_gmt":"2009-06-18T04:18:44","slug":"ecuador-republica","status":"publish","type":"post","link":"https:\/\/blog.espol.edu.ec\/fernandorizzo\/2009\/06\/17\/ecuador-republica\/","title":{"rendered":"Ecuador (rep\u00fablica)"},"content":{"rendered":"<p><strong>Nombre oficial, Rep\u00fablica del Ecuador), rep\u00fablica situada en el noroeste de Sudam\u00e9rica, limita al norte con Colombia, al este y sur con el Per\u00fa, y al oeste con el oc\u00e9ano Pac\u00edfico. Debe su nombre a la l\u00ednea imaginaria del ecuador, que atraviesa el pa\u00eds y divide a la Tierra en dos hemisferios. Las islas Gal\u00e1pagos o archipi\u00e9lago de Col\u00f3n, localizadas en el Pac\u00edfico a unos 1.000 km de la costa, pertenecen a Ecuador. El pa\u00eds tiene una superficie de 272.045 km\u00b2 contando con las Gal\u00e1pagos. La capital es Quito, una de las m\u00e1s antiguas de Am\u00e9rica del<br \/>\nSur.<\/p>\n","protected":false},"excerpt":{"rendered":"<p>Nombre oficial, Rep\u00fablica del Ecuador), rep\u00fablica situada en el noroeste de Sudam\u00e9rica, limita al norte con Colombia, al este y sur con el Per\u00fa, y al oeste con el oc\u00e9ano Pac\u00edfico. Debe su nombre a la l\u00ednea imaginaria del ecuador, que atraviesa el pa\u00eds y divide a la Tierra en dos hemisferios. Las islas Gal\u00e1pagos [&hellip;]<\/p>\n","protected":false},"author":2455,"featured_media":0,"comment_status":"open","ping_status":"open","sticky":false,"template":"","format":"standard","meta":{"footnotes":""},"categories":[1],"tags":[],"class_list":["post-7","post","type-post","status-publish","format-standard","hentry","category-uncategorized"],"_links":{"self":[{"href":"https:\/\/blog.espol.edu.ec\/fernandorizzo\/wp-json\/wp\/v2\/posts\/7","targetHints":{"allow":["GET"]}}],"collection":[{"href":"https:\/\/blog.espol.edu.ec\/fernandorizzo\/wp-json\/wp\/v2\/posts"}],"about":[{"href":"https:\/\/blog.espol.edu.ec\/fernandorizzo\/wp-json\/wp\/v2\/types\/post"}],"author":[{"embeddable":true,"href":"https:\/\/blog.espol.edu.ec\/fernandorizzo\/wp-json\/wp\/v2\/users\/2455"}],"replies":[{"embeddable":true,"href":"https:\/\/blog.espol.edu.ec\/fernandorizzo\/wp-json\/wp\/v2\/comments?post=7"}],"version-history":[{"count":5,"href":"https:\/\/blog.espol.edu.ec\/fernandorizzo\/wp-json\/wp\/v2\/posts\/7\/revisions"}],"predecessor-version":[{"id":10,"href":"https:\/\/blog.espol.edu.ec\/fernandorizzo\/wp-json\/wp\/v2\/posts\/7\/revisions\/10"}],"wp:attachment":[{"href":"https:\/\/blog.espol.edu.ec\/fernandorizzo\/wp-json\/wp\/v2\/media?parent=7"}],"wp:term":[{"taxonomy":"category","embeddable":true,"href":"https:\/\/blog.espol.edu.ec\/fernandorizzo\/wp-json\/wp\/v2\/categories?post=7"},{"taxonomy":"post_tag","embeddable":true,"href":"https:\/\/blog.espol.edu.ec\/fernandorizzo\/wp-json\/wp\/v2\/tags?post=7"}],"curies":[{"name":"wp","href":"https:\/\/api.w.org\/{rel}","templated":true}]}}