{"id":95,"date":"2015-11-24T03:52:00","date_gmt":"2015-11-24T03:52:00","guid":{"rendered":"http:\/\/blog.espol.edu.ec\/fnloaiza\/?p=95"},"modified":"2015-11-24T03:52:00","modified_gmt":"2015-11-24T03:52:00","slug":"como-llegar-pinas-el-oro","status":"publish","type":"post","link":"https:\/\/blog.espol.edu.ec\/fnloaiza\/2015\/11\/24\/como-llegar-pinas-el-oro\/","title":{"rendered":"C\u00f3mo Llegar - Pi\u00f1as El Oro"},"content":{"rendered":"<header class=\"page-header\">\n<h1 class=\"page-title\">C\u00f3mo Llegar<\/h1>\n<p class=\"lead\">Pi\u00f1as es una ciudad ubicada en la Provincia de El Oro a 1100 metros sobre el nivel del mar, teniendo un clima durante todo el a\u00f1o que oscila entre los 14 y 26 \u00b0C ideal para escapar a los calurosos inviernos de la costa ecuatoriana o al fr\u00edo de la Serran\u00eda. Se puede llegar a Pi\u00f1as v\u00eda terrestre, o a\u00e9rea hasta machala. La v\u00eda Machala - Pi\u00f1as, es una carretera de primer orden totalmente asfaltada, que durante todo el a\u00f1o no registra derrumbes ni interrupciones.<\/p>\n<\/header>\n<div class=\"entry-content sumome-article\">\n<p><strong>UBICACION GEOGRAFICA: <\/strong><br \/>\nPi\u00f1as es una ciudad ubicada en la Provincia de El Oro a 1100 metros sobre el nivel del mar, teniendo un clima durante todo el a\u00f1o que oscila entre los 14 y 26 \u00b0C ideal para escapar a los calurosos inviernos de la costa ecuatoriana o al fr\u00edo de la Serran\u00eda.<\/p>\n<p>&nbsp;<\/p>\n<p align=\"justify\"><strong><a id=\"acceso\" name=\"acceso\"><\/a>ACCESIBILIDAD:<\/strong><br \/>\nSe puede llegar a Pi\u00f1as v\u00eda terrestre, o a\u00e9rea hasta machala. La v\u00eda <strong>Machala \u2013 Pi\u00f1as<\/strong>, es una<strong>carretera de primer orden<\/strong> totalmente asfaltada, que durante todo el a\u00f1o no registra derrumbes ni interrupciones.<\/p>\n<div class=\"footable-filter-container\"><\/div>\n<table class=\"footable footable-loaded no-paging\" cellpadding=\"2\">\n<tbody>\n<tr>\n<th colspan=\"3\"><strong>V\u00eda Terrestre:<\/strong><\/th>\n<\/tr>\n<tr class=\"odd\">\n<td>\u00a0\u00a0\u00a0 Machala a Pi\u00f1as<\/td>\n<td colspan=\"2\" align=\"right\">\u00a099 Km<\/td>\n<\/tr>\n<tr>\n<td>\u00a0\u00a0\u00a0 Quito a Pi\u00f1as<\/td>\n<td colspan=\"2\" align=\"right\">\u00a0585 Km<\/td>\n<\/tr>\n<tr class=\"odd\">\n<td>\u00a0\u00a0 \u00a0Zaruma a Pi\u00f1as<\/td>\n<td colspan=\"2\" align=\"right\">\u00a015 Km<\/td>\n<\/tr>\n<tr>\n<td>\u00a0\u00a0\u00a0 Portovelo a Pi\u00f1as<\/td>\n<td colspan=\"2\" align=\"right\">\u00a010 Km<\/td>\n<\/tr>\n<tr class=\"odd\">\n<td>\u00a0\u00a0\u00a0 Loja a Pi\u00f1as<\/td>\n<td colspan=\"2\" align=\"right\">\u00a0130 Km<\/td>\n<\/tr>\n<tr>\n<td>\u00a0\u00a0\u00a0 Cuenca a Pi\u00f1as<\/td>\n<td colspan=\"2\" align=\"right\">\u00a0259 Km<\/td>\n<\/tr>\n<tr class=\"odd\">\n<td>\u00a0\u00a0\u00a0 Guayaquil a Pi\u00f1as<\/td>\n<td colspan=\"2\" align=\"right\">\u00a0269 Km<\/td>\n<\/tr>\n<tr>\n<th colspan=\"3\"><strong>V\u00eda A\u00e9rea:<\/strong><\/th>\n<\/tr>\n<tr class=\"odd\">\n<td colspan=\"3\">\u00a0\u00a0\u00a0 hasta el aeropuerto de Santa Rosa<\/td>\n<\/tr>\n<\/tbody>\n<\/table>\n<p>&nbsp;<\/p>\n<p><strong><a id=\"transporte\" name=\"transporte\"><\/a>TRANSPORTE:<\/strong><br \/>\nLas dos principales cooperativas de transporte que operan en el cant\u00f3n y en la Parte Alta de el Oro: Ciudad de Pi\u00f1as y TAC poseen oficinas en las principales ciudades de el Ecuador, en los terminales terrestres de estas ciudades u oficinas particulares. Favor consultar en su gu\u00eda telef\u00f3nica local para informaci\u00f3n de horarios y tarifas.<\/p>\n<p>Adicionalmente en la ciudad de Pi\u00f1as existen varias cooperativas de taxis y de camionetas que puedes realizar fletes privados a cualquier lugar de la provincia.<\/p>\n<p>Existe tambi\u00e9n en la actualidad una Cooperativa de Transportes Tur\u00edsticos ServiceMagna la cual posee furgonetas al servicio del sector.<\/p>\n<p><strong><a id=\"frecuencias\" name=\"frecuencias\"><\/a>FRECUENCIAS:<\/strong><\/p>\n<p align=\"center\"><strong>COOPERATIVA DE TRANSPORTES ASOCIADOS CANTONALES T.A.C.<\/strong><\/p>\n<div class=\"footable-filter-container\"><\/div>\n<table class=\"footable footable-loaded no-paging\" cellpadding=\"2\">\n<tbody>\n<tr>\n<th colspan=\"2\" align=\"center\"><strong>RUTAS<\/strong><\/th>\n<th align=\"center\" width=\"157\"><strong>TURNOS POR D\u00cdA<\/strong><\/th>\n<\/tr>\n<tr class=\"odd\">\n<td width=\"50\">Pi\u00f1as<\/td>\n<td width=\"73\">Quito<\/td>\n<td align=\"center\">\u00a04<\/td>\n<\/tr>\n<tr>\n<td>Pi\u00f1as<\/td>\n<td>Guayaquil<\/td>\n<td align=\"center\">\u00a04<\/td>\n<\/tr>\n<tr class=\"odd\">\n<td>Pi\u00f1as<\/td>\n<td>Cuenca<\/td>\n<td align=\"center\">\u00a02<\/td>\n<\/tr>\n<tr>\n<td>Pi\u00f1as<\/td>\n<td>Loja<\/td>\n<td align=\"center\">\u00a03<\/td>\n<\/tr>\n<tr class=\"odd\">\n<td>Pi\u00f1as<\/td>\n<td>Machala<\/td>\n<td align=\"center\">17<\/td>\n<\/tr>\n<tr>\n<td>Pi\u00f1as<\/td>\n<td>Huaquillas<\/td>\n<td align=\"center\">\u00a01<\/td>\n<\/tr>\n<tr class=\"odd\">\n<td>Pi\u00f1as<\/td>\n<td>Zaruma<\/td>\n<td align=\"center\">17<\/td>\n<\/tr>\n<\/tbody>\n<\/table>\n<p>&nbsp;<\/p>\n<p align=\"center\"><strong>COOPERATIVA DE TRANSPORTES CIUDAD DE PI\u00d1AS<\/strong><\/p>\n<div class=\"footable-filter-container\"><\/div>\n<table class=\"footable footable-loaded no-paging\" cellpadding=\"2\">\n<tbody>\n<tr>\n<th colspan=\"2\" align=\"center\"><strong>RUTAS<\/strong><\/th>\n<th align=\"center\" width=\"158\"><strong>TURNOS POR D\u00cdA<\/strong><\/th>\n<\/tr>\n<tr class=\"odd\">\n<td width=\"50\">Pi\u00f1as<\/td>\n<td width=\"73\">Quito<\/td>\n<td align=\"center\">4<\/td>\n<\/tr>\n<tr>\n<td>Pi\u00f1as<\/td>\n<td>Guayaquil<\/td>\n<td align=\"center\">2<\/td>\n<\/tr>\n<tr class=\"odd\">\n<td>Pi\u00f1as<\/td>\n<td>Cuenca<\/td>\n<td align=\"center\">1<\/td>\n<\/tr>\n<tr>\n<td>Pi\u00f1as<\/td>\n<td>Loja<\/td>\n<td align=\"center\">3<\/td>\n<\/tr>\n<tr class=\"odd\">\n<td>Pi\u00f1as<\/td>\n<td>Machala<\/td>\n<td align=\"center\">15<\/td>\n<\/tr>\n<tr>\n<td>Pi\u00f1as<\/td>\n<td>Ambato<\/td>\n<td align=\"center\">\u00a01<\/td>\n<\/tr>\n<tr class=\"odd\">\n<td>Pi\u00f1as<\/td>\n<td>Zaruma<\/td>\n<td align=\"center\">15<\/td>\n<\/tr>\n<\/tbody>\n<\/table>\n<p>&nbsp;<\/p>\n<\/div>\n","protected":false},"excerpt":{"rendered":"<p>C\u00f3mo Llegar Pi\u00f1as es una ciudad ubicada en la Provincia de El Oro a 1100 metros sobre el nivel del mar, teniendo un clima durante todo el a\u00f1o que oscila entre los 14 y 26 \u00b0C ideal para escapar a los calurosos inviernos de la costa ecuatoriana o al fr\u00edo de la Serran\u00eda. Se puede [&hellip;]<\/p>\n","protected":false},"author":10062,"featured_media":96,"comment_status":"open","ping_status":"open","sticky":false,"template":"","format":"standard","meta":{"footnotes":""},"categories":[1319296],"tags":[1319296,6911],"class_list":["post-95","post","type-post","status-publish","format-standard","has-post-thumbnail","hentry","category-como-llegar","tag-como-llegar","tag-ubicacion"],"_links":{"self":[{"href":"https:\/\/blog.espol.edu.ec\/fnloaiza\/wp-json\/wp\/v2\/posts\/95","targetHints":{"allow":["GET"]}}],"collection":[{"href":"https:\/\/blog.espol.edu.ec\/fnloaiza\/wp-json\/wp\/v2\/posts"}],"about":[{"href":"https:\/\/blog.espol.edu.ec\/fnloaiza\/wp-json\/wp\/v2\/types\/post"}],"author":[{"embeddable":true,"href":"https:\/\/blog.espol.edu.ec\/fnloaiza\/wp-json\/wp\/v2\/users\/10062"}],"replies":[{"embeddable":true,"href":"https:\/\/blog.espol.edu.ec\/fnloaiza\/wp-json\/wp\/v2\/comments?post=95"}],"version-history":[{"count":1,"href":"https:\/\/blog.espol.edu.ec\/fnloaiza\/wp-json\/wp\/v2\/posts\/95\/revisions"}],"predecessor-version":[{"id":98,"href":"https:\/\/blog.espol.edu.ec\/fnloaiza\/wp-json\/wp\/v2\/posts\/95\/revisions\/98"}],"wp:featuredmedia":[{"embeddable":true,"href":"https:\/\/blog.espol.edu.ec\/fnloaiza\/wp-json\/wp\/v2\/media\/96"}],"wp:attachment":[{"href":"https:\/\/blog.espol.edu.ec\/fnloaiza\/wp-json\/wp\/v2\/media?parent=95"}],"wp:term":[{"taxonomy":"category","embeddable":true,"href":"https:\/\/blog.espol.edu.ec\/fnloaiza\/wp-json\/wp\/v2\/categories?post=95"},{"taxonomy":"post_tag","embeddable":true,"href":"https:\/\/blog.espol.edu.ec\/fnloaiza\/wp-json\/wp\/v2\/tags?post=95"}],"curies":[{"name":"wp","href":"https:\/\/api.w.org\/{rel}","templated":true}]}}