{"id":240,"date":"2009-08-10T11:41:21","date_gmt":"2009-08-10T15:41:21","guid":{"rendered":"http:\/\/blog.espol.edu.ec\/gabrielanenita\/?p=240"},"modified":"2009-08-10T11:42:40","modified_gmt":"2009-08-10T15:42:40","slug":"importante-para-la-vida","status":"publish","type":"post","link":"https:\/\/blog.espol.edu.ec\/gabrielanenita\/2009\/08\/10\/importante-para-la-vida\/","title":{"rendered":"*IMPORTANTE PARA LA VIDA*"},"content":{"rendered":"<h5 style=\"text-align: center\"><span style=\"color: #ff0000\"><\/span><a href=\"http:\/\/blog.espol.edu.ec\/gabrielanenita\/files\/2009\/08\/tar.jpg\"><\/a><a href=\"http:\/\/blog.espol.edu.ec\/gabrielanenita\/files\/2009\/08\/beso.jpg\"><\/a><span style=\"text-decoration: underline\">\u00a0<\/span><span style=\"color: #ff0000\"><span style=\"text-decoration: underline\"><span style=\"font-size: 11pt;font-family: &quot;Calibri&quot;,&quot;sans-serif&amp;quot\">EN VIDA HERMANO... EN VIDA...\u00a0<\/span><br \/>\n<\/span><\/span><\/h5>\n<h5 class=\"MsoNormal\" style=\"text-align: justify\"><span style=\"color: #000000\">PREFIERO que compartan conmigo unos pocos minutos ahora y no una noche entera cuando muera.<\/span><\/h5>\n<h5 class=\"MsoNormal\" style=\"text-align: justify\"><span style=\"color: #000000\"><a href=\"http:\/\/blog.espol.edu.ec\/gabrielanenita\/files\/2009\/08\/com.jpg\"><img loading=\"lazy\" decoding=\"async\" class=\"aligncenter size-full wp-image-241\" src=\"http:\/\/blog.espol.edu.ec\/gabrielanenita\/files\/2009\/08\/com.jpg\" alt=\"\" width=\"127\" height=\"85\" \/><\/a><\/span><\/h5>\n<h5 class=\"MsoNormal\" style=\"text-align: justify\"><span style=\"color: #000000\">PREFIERO que estreches mis manos suavemente ahora que estoy con vida, y no que apoyes tu cuerpo sobre el<span>\u00a0 <\/span>m\u00edo cuando no te sienta.<\/span><\/h5>\n<h5 class=\"MsoNormal\" style=\"text-align: justify\"><span style=\"color: #000000\"><a href=\"http:\/\/blog.espol.edu.ec\/gabrielanenita\/files\/2009\/08\/mano.jpg\"><img loading=\"lazy\" decoding=\"async\" class=\"aligncenter size-full wp-image-242\" src=\"http:\/\/blog.espol.edu.ec\/gabrielanenita\/files\/2009\/08\/mano.jpg\" alt=\"mano\" width=\"94\" height=\"119\" \/><\/a><\/span><\/h5>\n<h5 class=\"MsoNormal\" style=\"text-align: justify\"><span style=\"color: #000000\">PREFIERO que hagas una sola llamada ahora que te puedo escuchar y no que emprendas un largo viaje cuando ya no est\u00e9.<\/span><\/h5>\n<h5 class=\"MsoNormal\" style=\"text-align: justify\"><span style=\"color: #000000\"><a href=\"http:\/\/blog.espol.edu.ec\/gabrielanenita\/files\/2009\/08\/llam.jpg\"><img loading=\"lazy\" decoding=\"async\" class=\"aligncenter size-full wp-image-243\" src=\"http:\/\/blog.espol.edu.ec\/gabrielanenita\/files\/2009\/08\/llam.jpg\" alt=\"\" width=\"124\" height=\"87\" \/><\/a><\/span><\/h5>\n<h5 class=\"MsoNormal\" style=\"text-align: justify\"><span style=\"color: #000000\">PREFIERO que me regales una sola flor ahora que puedo percibir su olor y no que me env\u00edes un hermoso ramo cuando muera y no lo pueda percibir con mis manos.<\/span><\/h5>\n<h5 class=\"MsoNormal\" style=\"text-align: justify\"><span style=\"color: #000000\"><a href=\"http:\/\/blog.espol.edu.ec\/gabrielanenita\/files\/2009\/08\/flor.jpg\"><img loading=\"lazy\" decoding=\"async\" class=\"aligncenter size-full wp-image-244\" src=\"http:\/\/blog.espol.edu.ec\/gabrielanenita\/files\/2009\/08\/flor.jpg\" alt=\"\" width=\"125\" height=\"90\" \/><\/a><\/span><\/h5>\n<h5 class=\"MsoNormal\" style=\"text-align: justify\"><span style=\"color: #000000\">PREFIERO que eleves una oraci\u00f3n ahora por m\u00ed, y no una misa cuando muera y no pueda cantar ni celebrar mi fe. <\/span><\/h5>\n<h5 class=\"MsoNormal\" style=\"text-align: justify\"><span style=\"color: #000000\"><a href=\"http:\/\/blog.espol.edu.ec\/gabrielanenita\/files\/2009\/08\/oracion.jpg\"><img loading=\"lazy\" decoding=\"async\" class=\"aligncenter size-full wp-image-245\" src=\"http:\/\/blog.espol.edu.ec\/gabrielanenita\/files\/2009\/08\/oracion.jpg\" alt=\"\" width=\"94\" height=\"124\" \/><\/a><\/span><\/h5>\n<h5 class=\"MsoNormal\" style=\"text-align: justify\"><span style=\"color: #000000\">PREFIERO escuchar un acorde de guitarra hoy y no una hermosa pero triste serenata en medio de vestidos negros.<\/span><\/h5>\n<h5 class=\"MsoNormal\" style=\"text-align: justify\"><span style=\"color: #000000\"><a href=\"http:\/\/blog.espol.edu.ec\/gabrielanenita\/files\/2009\/08\/gui.jpg\"><img loading=\"lazy\" decoding=\"async\" class=\"aligncenter size-full wp-image-246\" src=\"http:\/\/blog.espol.edu.ec\/gabrielanenita\/files\/2009\/08\/gui.jpg\" alt=\"\" width=\"124\" height=\"91\" \/><\/a><\/span><\/h5>\n<h5 class=\"MsoNormal\" style=\"text-align: justify\"><span style=\"color: #000000\">PREFIERO que me escribas algo lindo en una tarjeta para leerlo en este momento que necesito y no un po\u00e9tico epitafio sobre mi tumba.<\/span><\/h5>\n<h5 class=\"MsoNormal\" style=\"text-align: justify\"><span style=\"color: #000000\"><a href=\"http:\/\/blog.espol.edu.ec\/gabrielanenita\/files\/2009\/08\/tar1.jpg\"><img loading=\"lazy\" decoding=\"async\" class=\"aligncenter size-full wp-image-248\" src=\"http:\/\/blog.espol.edu.ec\/gabrielanenita\/files\/2009\/08\/tar1.jpg\" alt=\"\" width=\"116\" height=\"116\" \/><\/a><\/span><\/h5>\n<h5 class=\"MsoNormal\" style=\"text-align: justify\"><span style=\"color: #000000\">PREFIERO disfrutar de tus detalles este d\u00eda aunque sean los m\u00e1s m\u00ednimos y no grandes palabras cuando muera que no recibir\u00e1n respuestas.<\/span><\/h5>\n<h5 class=\"MsoNormal\" style=\"text-align: justify\"><span style=\"color: #000000\"><a href=\"http:\/\/blog.espol.edu.ec\/gabrielanenita\/files\/2009\/08\/detalles.jpg\"><img loading=\"lazy\" decoding=\"async\" class=\"aligncenter size-full wp-image-249\" src=\"http:\/\/blog.espol.edu.ec\/gabrielanenita\/files\/2009\/08\/detalles.jpg\" alt=\"\" width=\"99\" height=\"99\" \/><\/a><\/span><\/h5>\n<h5 class=\"MsoNormal\" style=\"text-align: justify\"><span style=\"color: #000000\">PREFIERO un tierno beso en mi frente o mejilla ahora, a un beso mojado con llanto cuando muera.<\/span><\/h5>\n<h5 class=\"MsoNormal\" style=\"text-align: justify\"><span style=\"color: #000000\"><a href=\"http:\/\/blog.espol.edu.ec\/gabrielanenita\/files\/2009\/08\/beso1.jpg\"><img loading=\"lazy\" decoding=\"async\" class=\"aligncenter size-full wp-image-251\" src=\"http:\/\/blog.espol.edu.ec\/gabrielanenita\/files\/2009\/08\/beso1.jpg\" alt=\"\" width=\"102\" height=\"139\" \/><\/a><\/span><\/h5>\n<h5 class=\"MsoNormal\" style=\"text-align: justify\"><span style=\"color: #000000\">PREFIERO un \u201cTE AMO\u201d sincero y con mucha energ\u00eda ahora que lo necesito y no enterarme reci\u00e9n cuando est\u00e9 un metro bajo tierra que \u201cYO ERA EL SER QUE M\u00c1S QUER\u00cdAS\u201d.<\/span><\/h5>\n<h5 class=\"MsoNormal\" style=\"text-align: justify\"><span style=\"color: #000000\"><a href=\"http:\/\/blog.espol.edu.ec\/gabrielanenita\/files\/2009\/08\/te-amo.jpg\"><img loading=\"lazy\" decoding=\"async\" class=\"aligncenter size-full wp-image-252\" src=\"http:\/\/blog.espol.edu.ec\/gabrielanenita\/files\/2009\/08\/te-amo.jpg\" alt=\"te-amo\" width=\"120\" height=\"97\" \/><\/a><\/span><\/h5>\n<h5 class=\"MsoNormal\" style=\"text-align: justify\"><span style=\"color: #000000\">PREFIERO compartir con mis seres queridos ahora que estoy vivo y tengo tiempo, y no pensar en los bellos momentos que dejamos de compartir y que se arrepientan cuando ya est\u00e9 fuera de este mundo.<\/span><\/h5>\n<h5 class=\"MsoNormal\" style=\"text-align: justify\"><span style=\"color: #000000\"><a href=\"http:\/\/blog.espol.edu.ec\/gabrielanenita\/files\/2009\/08\/comp1.jpg\"><img loading=\"lazy\" decoding=\"async\" class=\"aligncenter size-full wp-image-255\" src=\"http:\/\/blog.espol.edu.ec\/gabrielanenita\/files\/2009\/08\/comp1.jpg\" alt=\"\" width=\"134\" height=\"101\" \/><\/a>\u00a0<\/span><\/h5>\n","protected":false},"excerpt":{"rendered":"<p>\u00a0EN VIDA HERMANO... EN VIDA...\u00a0 PREFIERO que compartan conmigo unos pocos minutos ahora y no una noche entera cuando muera. PREFIERO que estreches mis manos suavemente ahora que estoy con vida, y no que apoyes tu cuerpo sobre el\u00a0 m\u00edo cuando no te sienta. PREFIERO que hagas una sola llamada ahora que te puedo escuchar [&hellip;]<\/p>\n","protected":false},"author":1846,"featured_media":0,"comment_status":"open","ping_status":"open","sticky":false,"template":"","format":"standard","meta":{"footnotes":""},"categories":[10502],"tags":[11449,7002,385,70,10361,11447,6,259,395],"class_list":["post-240","post","type-post","status-publish","format-standard","hentry","category-importante-para-la-vida","tag-importante-para-la-vida","tag-colaboracion-digital","tag-consejos","tag-ecuador","tag-el-agua","tag-emelec","tag-espol","tag-guayaquil","tag-icm"],"_links":{"self":[{"href":"https:\/\/blog.espol.edu.ec\/gabrielanenita\/wp-json\/wp\/v2\/posts\/240","targetHints":{"allow":["GET"]}}],"collection":[{"href":"https:\/\/blog.espol.edu.ec\/gabrielanenita\/wp-json\/wp\/v2\/posts"}],"about":[{"href":"https:\/\/blog.espol.edu.ec\/gabrielanenita\/wp-json\/wp\/v2\/types\/post"}],"author":[{"embeddable":true,"href":"https:\/\/blog.espol.edu.ec\/gabrielanenita\/wp-json\/wp\/v2\/users\/1846"}],"replies":[{"embeddable":true,"href":"https:\/\/blog.espol.edu.ec\/gabrielanenita\/wp-json\/wp\/v2\/comments?post=240"}],"version-history":[{"count":2,"href":"https:\/\/blog.espol.edu.ec\/gabrielanenita\/wp-json\/wp\/v2\/posts\/240\/revisions"}],"predecessor-version":[{"id":256,"href":"https:\/\/blog.espol.edu.ec\/gabrielanenita\/wp-json\/wp\/v2\/posts\/240\/revisions\/256"}],"wp:attachment":[{"href":"https:\/\/blog.espol.edu.ec\/gabrielanenita\/wp-json\/wp\/v2\/media?parent=240"}],"wp:term":[{"taxonomy":"category","embeddable":true,"href":"https:\/\/blog.espol.edu.ec\/gabrielanenita\/wp-json\/wp\/v2\/categories?post=240"},{"taxonomy":"post_tag","embeddable":true,"href":"https:\/\/blog.espol.edu.ec\/gabrielanenita\/wp-json\/wp\/v2\/tags?post=240"}],"curies":[{"name":"wp","href":"https:\/\/api.w.org\/{rel}","templated":true}]}}