{"id":40,"date":"2011-06-08T10:20:09","date_gmt":"2011-06-08T15:20:09","guid":{"rendered":"http:\/\/blog.espol.edu.ec\/gabuvald\/?p=40"},"modified":"2011-06-08T10:20:09","modified_gmt":"2011-06-08T15:20:09","slug":"famosos-con-este-trastorno","status":"publish","type":"post","link":"https:\/\/blog.espol.edu.ec\/gabuvald\/2011\/06\/08\/famosos-con-este-trastorno\/","title":{"rendered":"Famosos con este trastorno"},"content":{"rendered":"<p style=\"text-align: right\"><strong>Allegra Versace<\/strong><\/p>\n<p><a href=\"http:\/\/blog.espol.edu.ec\/gabuvald\/files\/2011\/06\/anorexia_allegraversace.gif\"><img loading=\"lazy\" decoding=\"async\" class=\"alignright size-medium wp-image-41\" title=\"anorexia_allegraversace\" src=\"http:\/\/blog.espol.edu.ec\/gabuvald\/files\/2011\/06\/anorexia_allegraversace-185x300.gif\" alt=\"\" width=\"185\" height=\"300\" srcset=\"https:\/\/blog.espol.edu.ec\/gabuvald\/files\/2011\/06\/anorexia_allegraversace-185x300.gif 185w, https:\/\/blog.espol.edu.ec\/gabuvald\/files\/2011\/06\/anorexia_allegraversace.gif 223w\" sizes=\"auto, (max-width: 185px) 100vw, 185px\" \/><\/a><a href=\"http:\/\/es.wikipedia.org\/wiki\/Allegra_Beck\">Alegra Beck Versace<\/a>, propietaria de la mitad del imperio textil de su t\u00edo, Gianni, con s\u00f3lo 20 a\u00f1os, hace tiempo que no est\u00e1 bien, y eso lo sab\u00edamos todos con s\u00f3lo mirar sus fotos.<\/p>\n<p>Un portavoz de la familia ha confirmado que la hija de <a href=\"http:\/\/es.wikipedia.org\/wiki\/Donatella_Versace\">Donatella Versace<\/a>, y heredera del 50% del imperio de su t\u00edo, el famoso modisto <a href=\"http:\/\/es.wikipedia.org\/wiki\/Gianni_Versace\">Gianni Versace<\/a> asesinado en Miami hace 9 a\u00f1os, sufre anorexia y est\u00e1 en tratamiento.<\/p>\n<p>Algunos servicios de prensa se\u00f1alaron que la joven lleg\u00f3 a pesar s\u00f3lo 36 kilos. El drama de Allegra se ha convertido ahora en un esc\u00e1ndalo. La presi\u00f3n psicol\u00f3gica que ha sufrido la joven en los \u00faltimos a\u00f1os explican en parte sus problemas de anorexia. Era una nena de siete a\u00f1os en 1997 cuando su t\u00edo Gianni, el fundador de la<a href=\"http:\/\/es.wikipedia.org\/wiki\/Versace\"> Casa Versace<\/a>, fue asesinado en <a href=\"http:\/\/es.wikipedia.org\/wiki\/Miami_Beach\">Miami Beach<\/a> una ma\u00f1ana cuando estaba entrando en su suntuosa Casa Casuarina, frente al mar.<\/p>\n<p>El golpe psicol\u00f3gico por la muerte del t\u00edo Gianni fue tremendo para Allegra. Varios a\u00f1os despu\u00e9s, su madre Donatella confes\u00f3 p\u00fablicamente que era adicta a la coca\u00edna y que hab\u00eda decidido internarse en una cl\u00ednica para desintoxicarse. El tratamiento fue exitoso. Pero su hija volvi\u00f3 a sufrir un fuerte golpe ps\u00edquico.<\/p>\n<p><strong>Ashlee Simpson<\/strong><\/p>\n<p><a href=\"http:\/\/blog.espol.edu.ec\/gabuvald\/files\/2011\/06\/anorexia_ashleesimpson.gif\"><img loading=\"lazy\" decoding=\"async\" class=\"size-full wp-image-42 alignleft\" title=\"anorexia_ashleesimpson\" src=\"http:\/\/blog.espol.edu.ec\/gabuvald\/files\/2011\/06\/anorexia_ashleesimpson.gif\" alt=\"\" width=\"223\" height=\"242\" \/><\/a><a href=\"http:\/\/es.wikipedia.org\/wiki\/Ashlee_Simpson\">Ashlee Simpson<\/a>, hermana de la cantante y actriz <a href=\"http:\/\/es.wikipedia.org\/wiki\/Jessica_Simpson\">Jessica Simpson<\/a>, quien admiti\u00f3 su lucha contra la anorexia, que padeci\u00f3 mientras se encumbraba su carrera de bailarina, actriz y cantante.<\/p>\n<p>Ashlee Simpson ha confesado su lucha contra la anorexia. Ella misma ha confesado que durante su ascenso a la fama, ha padecido de este trastorno alimenticio.<\/p>\n<p>Pero ahora dice ser feliz con su cuerpo y revel\u00f3 que ...\"Cuando fui a la escuela de ballet, habia alli un mont\u00f3n de chicas con trastornos alimenticios , y yo cai tambien en dicha enfermedad\"...<\/p>\n<p>Sin embargo, la belleza rubia, cuya hermana es la cantante Jessica Simpson, ha agradecido a su familia para ayudarla a superar la anorexia y aceptarse tal cual es.<\/p>\n<p style=\"text-align: right\"><strong>Britney Spears<\/strong><\/p>\n<p style=\"text-align: right\"><a href=\"http:\/\/blog.espol.edu.ec\/gabuvald\/files\/2011\/06\/anorexia_britney.gif\"><img loading=\"lazy\" decoding=\"async\" class=\"alignright size-medium wp-image-43\" title=\"anorexia_britney\" src=\"http:\/\/blog.espol.edu.ec\/gabuvald\/files\/2011\/06\/anorexia_britney-204x300.gif\" alt=\"\" width=\"204\" height=\"300\" srcset=\"https:\/\/blog.espol.edu.ec\/gabuvald\/files\/2011\/06\/anorexia_britney-204x300.gif 204w, https:\/\/blog.espol.edu.ec\/gabuvald\/files\/2011\/06\/anorexia_britney.gif 205w\" sizes=\"auto, (max-width: 204px) 100vw, 204px\" \/><\/a><a href=\"http:\/\/www.britneyspears.com\/femme-fatale-tour\/index.aspx\">Britney Spears<\/a> ha confesado a los m\u00e9dico del centro de rehabilitaci\u00f3n que es bul\u00edmica desde los 16 a\u00f1os.Una fuente del hospital donde se encuentra en tratamiento ha confirmado que la cantante tambi\u00e9n padece un <a href=\"http:\/\/drromeu.net\/trastorno_bipolar.htm\">transtorno bipolar<\/a>.<\/p>\n<p>Britney Spears ha informado que sufre bulimia desde los 16 a\u00f1os (ahora tiene 25) y que este problema le impide llevar a cabo el tratamiento en la cl\u00ednica de rehabilitaci\u00f3n en la que es atendida de sus adicciones (drogas y alcohol) y, seg\u00fan algunos medios de comunicaci\u00f3n locales, de un transtorno bipolar.Una fuente del centro revel\u00f3 a la p\u00e1gina web <a href=\"http:\/\/www.digitalspy.co.uk\/\">Digital Spy<\/a> que la cantante vomita la medicaci\u00f3n que le es suministrada para controlar su enfermedad, lo que hace imposible su recuperaci\u00f3n.<\/p>\n<p>Britney ha admitido que le encanta la comida basura y que ha luchado contra este \u201cvicio\u201d suyo durante casi 10 a\u00f1os, vomitando las grandes cantidades de este tipo de alimentos que inger\u00eda.Seg\u00fan la cantante, se daba atracones de <a href=\"http:\/\/www.euroresidentes.com\/Recetas\/patatas\/patatas-fritas.htm\">patatas fritas<\/a>, dulces, helados, refrescos y luego sent\u00eda tantos remordimientos que seprovocaba el v\u00f3mito para devolver todo lo ingerido.<\/p>\n","protected":false},"excerpt":{"rendered":"<p>Allegra Versace Alegra Beck Versace, propietaria de la mitad del imperio textil de su t\u00edo, Gianni, con s\u00f3lo 20 a\u00f1os, hace tiempo que no est\u00e1 bien, y eso lo sab\u00edamos todos con s\u00f3lo mirar sus fotos. Un portavoz de la familia ha confirmado que la hija de Donatella Versace, y heredera del 50% del imperio [&hellip;]<\/p>\n","protected":false},"author":5826,"featured_media":0,"comment_status":"open","ping_status":"open","sticky":false,"template":"","format":"standard","meta":{"footnotes":""},"categories":[1],"tags":[],"class_list":["post-40","post","type-post","status-publish","format-standard","hentry","category-uncategorized"],"_links":{"self":[{"href":"https:\/\/blog.espol.edu.ec\/gabuvald\/wp-json\/wp\/v2\/posts\/40","targetHints":{"allow":["GET"]}}],"collection":[{"href":"https:\/\/blog.espol.edu.ec\/gabuvald\/wp-json\/wp\/v2\/posts"}],"about":[{"href":"https:\/\/blog.espol.edu.ec\/gabuvald\/wp-json\/wp\/v2\/types\/post"}],"author":[{"embeddable":true,"href":"https:\/\/blog.espol.edu.ec\/gabuvald\/wp-json\/wp\/v2\/users\/5826"}],"replies":[{"embeddable":true,"href":"https:\/\/blog.espol.edu.ec\/gabuvald\/wp-json\/wp\/v2\/comments?post=40"}],"version-history":[{"count":1,"href":"https:\/\/blog.espol.edu.ec\/gabuvald\/wp-json\/wp\/v2\/posts\/40\/revisions"}],"predecessor-version":[{"id":44,"href":"https:\/\/blog.espol.edu.ec\/gabuvald\/wp-json\/wp\/v2\/posts\/40\/revisions\/44"}],"wp:attachment":[{"href":"https:\/\/blog.espol.edu.ec\/gabuvald\/wp-json\/wp\/v2\/media?parent=40"}],"wp:term":[{"taxonomy":"category","embeddable":true,"href":"https:\/\/blog.espol.edu.ec\/gabuvald\/wp-json\/wp\/v2\/categories?post=40"},{"taxonomy":"post_tag","embeddable":true,"href":"https:\/\/blog.espol.edu.ec\/gabuvald\/wp-json\/wp\/v2\/tags?post=40"}],"curies":[{"name":"wp","href":"https:\/\/api.w.org\/{rel}","templated":true}]}}