{"id":290,"date":"2010-08-23T01:16:13","date_gmt":"2010-08-23T01:16:13","guid":{"rendered":"http:\/\/blog.espol.edu.ec\/gallb\/?p=290"},"modified":"2010-10-27T19:51:59","modified_gmt":"2010-10-27T19:51:59","slug":"villavicencio-gano-plata-en-los-i-juegos-olimpicos-de-la-juventud","status":"publish","type":"post","link":"https:\/\/blog.espol.edu.ec\/gallb\/2010\/08\/23\/villavicencio-gano-plata-en-los-i-juegos-olimpicos-de-la-juventud\/","title":{"rendered":"Villavicencio gan\u00f3 plata en los I Juegos Ol\u00edmpicos de la Juventud"},"content":{"rendered":"<p style=\"text-align: justify\"><a href=\"http:\/\/blog.espol.edu.ec\/gallb\/files\/2010\/08\/joelvillavicencio5825_456_336.jpg\"><img loading=\"lazy\" decoding=\"async\" class=\"alignleft size-full wp-image-291\" title=\"joelvillavicencio5825_456_336\" src=\"http:\/\/blog.espol.edu.ec\/gallb\/files\/2010\/08\/joelvillavicencio5825_456_336.jpg\" alt=\"\" width=\"305\" height=\"224\" srcset=\"https:\/\/blog.espol.edu.ec\/gallb\/files\/2010\/08\/joelvillavicencio5825_456_336.jpg 456w, https:\/\/blog.espol.edu.ec\/gallb\/files\/2010\/08\/joelvillavicencio5825_456_336-300x221.jpg 300w\" sizes=\"auto, (max-width: 305px) 100vw, 305px\" \/><\/a>Con un tiempo de 43 minutos con 46 segundos, el atleta ecuatoriano Oscar Villavicencio gan\u00f3 la medalla de plata en los 10.000 metros marcha dentro de los primeros <a href=\"http:\/\/www.singapore2010.sg\/public\/sg2010\/en.html\">Juegos Ol\u00edmpicos de la Juventud<\/a>, que se desarrollan en Singapur.<\/p>\n<p style=\"text-align: justify\">Este atleta cuencano lleg\u00f3 en segundo puesto, superado de Igor Lyashchenko de Ucrania con 42 minutos, 43 segundos y 93 cent\u00e9simas, mientras que en tercero se ubic\u00f3 Pavel Parshin de Rusia con 44 minutos, 18 segundos y 04 segundos.<\/p>\n<p style=\"text-align: justify\">Villavicencio, de 17 a\u00f1os, accedi\u00f3 a los JJ.OO. de Singapur luego de conseguir su cupo en el selectivo suramericano que celebr\u00f3 el 3 y 4 de abril en Uberlandia, Brasil.<\/p>\n<p style=\"text-align: justify\">El andar\u00edn cuencano llegar\u00e1 al pa\u00eds el pr\u00f3ximo domingo y de inmediato comenzar\u00e1 su preparaci\u00f3n, con miras a pr\u00f3ximos torneos internacionales.<\/p>\n<p style=\"text-align: justify\"><strong>Fuente: <\/strong>El Universo<\/p>\n","protected":false},"excerpt":{"rendered":"<p>Con un tiempo de 43 minutos con 46 segundos, el atleta ecuatoriano Oscar Villavicencio gan\u00f3 la medalla de plata en los 10.000 metros marcha dentro de los primeros Juegos Ol\u00edmpicos de la Juventud, que se desarrollan en Singapur. Este atleta cuencano lleg\u00f3 en segundo puesto, superado de Igor Lyashchenko de Ucrania con 42 minutos, 43 [&hellip;]<\/p>\n","protected":false},"author":4587,"featured_media":0,"comment_status":"open","ping_status":"open","sticky":false,"template":"","format":"standard","meta":{"_monsterinsights_skip_tracking":false,"_monsterinsights_sitenote_active":false,"_monsterinsights_sitenote_note":"","_monsterinsights_sitenote_category":0,"footnotes":""},"categories":[378],"tags":[],"class_list":["post-290","post","type-post","status-publish","format-standard","hentry","category-deportes"],"_links":{"self":[{"href":"https:\/\/blog.espol.edu.ec\/gallb\/wp-json\/wp\/v2\/posts\/290","targetHints":{"allow":["GET"]}}],"collection":[{"href":"https:\/\/blog.espol.edu.ec\/gallb\/wp-json\/wp\/v2\/posts"}],"about":[{"href":"https:\/\/blog.espol.edu.ec\/gallb\/wp-json\/wp\/v2\/types\/post"}],"author":[{"embeddable":true,"href":"https:\/\/blog.espol.edu.ec\/gallb\/wp-json\/wp\/v2\/users\/4587"}],"replies":[{"embeddable":true,"href":"https:\/\/blog.espol.edu.ec\/gallb\/wp-json\/wp\/v2\/comments?post=290"}],"version-history":[{"count":3,"href":"https:\/\/blog.espol.edu.ec\/gallb\/wp-json\/wp\/v2\/posts\/290\/revisions"}],"predecessor-version":[{"id":366,"href":"https:\/\/blog.espol.edu.ec\/gallb\/wp-json\/wp\/v2\/posts\/290\/revisions\/366"}],"wp:attachment":[{"href":"https:\/\/blog.espol.edu.ec\/gallb\/wp-json\/wp\/v2\/media?parent=290"}],"wp:term":[{"taxonomy":"category","embeddable":true,"href":"https:\/\/blog.espol.edu.ec\/gallb\/wp-json\/wp\/v2\/categories?post=290"},{"taxonomy":"post_tag","embeddable":true,"href":"https:\/\/blog.espol.edu.ec\/gallb\/wp-json\/wp\/v2\/tags?post=290"}],"curies":[{"name":"wp","href":"https:\/\/api.w.org\/{rel}","templated":true}]}}