{"id":298,"date":"2010-08-23T01:26:44","date_gmt":"2010-08-23T01:26:44","guid":{"rendered":"http:\/\/blog.espol.edu.ec\/gallb\/?p=298"},"modified":"2010-10-27T19:50:00","modified_gmt":"2010-10-27T19:50:00","slug":"sismo-de-43-grados-richter-en-sur-de-colombia-sin-victimas-ni-danos","status":"publish","type":"post","link":"https:\/\/blog.espol.edu.ec\/gallb\/2010\/08\/23\/sismo-de-43-grados-richter-en-sur-de-colombia-sin-victimas-ni-danos\/","title":{"rendered":"Sismo de 4,3 grados Richter en sur de Colombia sin v\u00edctimas ni da\u00f1os"},"content":{"rendered":"<p style=\"text-align: justify\">Un sismo de 4,3 grados en la escala de Richter se registr\u00f3 este domingo en el departamento colombiano de Nari\u00f1o (sur) sin reporte de v\u00edctimas o da\u00f1os materiales, inform\u00f3 el estatal Instituto Geol\u00f3gico Minero (Ingeominas).<\/p>\n<p style=\"text-align: justify\">El movimiento tel\u00farico se origin\u00f3 a las 08H43 locales (13H43 GMT) con epicentro a 1,5 km del cr\u00e1ter del volc\u00e1n Galeras, y seg\u00fan el Ingeominas, es el cuarto de importancia que se registra en los \u00faltimos tres d\u00edas en la zona del volc\u00e1n, localizado en las cercan\u00edas de la ciudad de Pasto, capital de Nari\u00f1o.<\/p>\n<p style=\"text-align: justify\">\"El comportamiento del Galeras sugiere un cambio significativo en su actividad\", advirti\u00f3 el Ministerio del Interior, mientras que las autoridades informaron que el nivel de actividad del volc\u00e1n se mantiene en el nivel amarillo, lo que significa una alerta preventiva.<\/p>\n<p style=\"text-align: justify\"><strong>Fuente: <\/strong>El Universo<\/p>\n","protected":false},"excerpt":{"rendered":"<p>Un sismo de 4,3 grados en la escala de Richter se registr\u00f3 este domingo en el departamento colombiano de Nari\u00f1o (sur) sin reporte de v\u00edctimas o da\u00f1os materiales, inform\u00f3 el estatal Instituto Geol\u00f3gico Minero (Ingeominas). El movimiento tel\u00farico se origin\u00f3 a las 08H43 locales (13H43 GMT) con epicentro a 1,5 km del cr\u00e1ter del volc\u00e1n [&hellip;]<\/p>\n","protected":false},"author":4587,"featured_media":0,"comment_status":"open","ping_status":"open","sticky":false,"template":"","format":"standard","meta":{"_monsterinsights_skip_tracking":false,"_monsterinsights_sitenote_active":false,"_monsterinsights_sitenote_note":"","_monsterinsights_sitenote_category":0,"footnotes":""},"categories":[128],"tags":[],"class_list":["post-298","post","type-post","status-publish","format-standard","hentry","category-noticias"],"_links":{"self":[{"href":"https:\/\/blog.espol.edu.ec\/gallb\/wp-json\/wp\/v2\/posts\/298","targetHints":{"allow":["GET"]}}],"collection":[{"href":"https:\/\/blog.espol.edu.ec\/gallb\/wp-json\/wp\/v2\/posts"}],"about":[{"href":"https:\/\/blog.espol.edu.ec\/gallb\/wp-json\/wp\/v2\/types\/post"}],"author":[{"embeddable":true,"href":"https:\/\/blog.espol.edu.ec\/gallb\/wp-json\/wp\/v2\/users\/4587"}],"replies":[{"embeddable":true,"href":"https:\/\/blog.espol.edu.ec\/gallb\/wp-json\/wp\/v2\/comments?post=298"}],"version-history":[{"count":4,"href":"https:\/\/blog.espol.edu.ec\/gallb\/wp-json\/wp\/v2\/posts\/298\/revisions"}],"predecessor-version":[{"id":364,"href":"https:\/\/blog.espol.edu.ec\/gallb\/wp-json\/wp\/v2\/posts\/298\/revisions\/364"}],"wp:attachment":[{"href":"https:\/\/blog.espol.edu.ec\/gallb\/wp-json\/wp\/v2\/media?parent=298"}],"wp:term":[{"taxonomy":"category","embeddable":true,"href":"https:\/\/blog.espol.edu.ec\/gallb\/wp-json\/wp\/v2\/categories?post=298"},{"taxonomy":"post_tag","embeddable":true,"href":"https:\/\/blog.espol.edu.ec\/gallb\/wp-json\/wp\/v2\/tags?post=298"}],"curies":[{"name":"wp","href":"https:\/\/api.w.org\/{rel}","templated":true}]}}