{"id":66,"date":"2016-11-15T16:44:27","date_gmt":"2016-11-15T16:44:27","guid":{"rendered":"http:\/\/blog.espol.edu.ec\/gccastro\/?p=66"},"modified":"2016-11-15T16:57:06","modified_gmt":"2016-11-15T16:57:06","slug":"paisajes-de-paris","status":"publish","type":"post","link":"https:\/\/blog.espol.edu.ec\/gccastro\/2016\/11\/15\/paisajes-de-paris\/","title":{"rendered":"Paisajes de Paris"},"content":{"rendered":"<div class=\"columnaDerecha\"><\/div>\n<div id=\"principalMini\">\n<div class=\"tituloPagina\">\n<h1 style=\"text-align: center\">Torre Eiffel<\/h1>\n<\/div>\n<\/div>\n<p><img loading=\"lazy\" decoding=\"async\" class=\" wp-image-67 aligncenter\" src=\"http:\/\/blog.espol.edu.ec\/gccastro\/files\/2016\/11\/paris_380x244-300x193.jpg\" alt=\"paris_380x244\" width=\"403\" height=\"259\" srcset=\"https:\/\/blog.espol.edu.ec\/gccastro\/files\/2016\/11\/paris_380x244-300x193.jpg 300w, https:\/\/blog.espol.edu.ec\/gccastro\/files\/2016\/11\/paris_380x244.jpg 380w\" sizes=\"auto, (max-width: 403px) 100vw, 403px\" \/><\/p>\n<div id=\"principalMini\">\n<p>La Torre Eiffel es una construcci\u00f3n de hierro de <strong>300 metros de altura<\/strong> que fue creada para la <strong>Exposici\u00f3n Universal de Par\u00eds de 1889<\/strong>. Actualmente constituye el s\u00edmbolo m\u00e1s representativo de Par\u00eds.<\/p>\n<div class=\"tituloPagina\">\n<h1>Catedral de Notre Dame<\/h1>\n<\/div>\n<p>Construida entre 1163 y 1245 en la <a title=\"\u00cele de la Cit\u00e9\" href=\"https:\/\/www.paris.es\/ile-de-la-cite\">\u00cele de la Cit\u00e9<\/a>, <strong>la Catedral de Notre Dame de Par\u00eds es una de las catedrales g\u00f3ticas m\u00e1s antiguas<\/strong> del mundo. El nombre de la catedral significa Nuestra Se\u00f1ora y est\u00e1 dedicada a la Virgen Mar\u00eda.<\/p>\n<p><img loading=\"lazy\" decoding=\"async\" class=\"aligncenter\" src=\"https:\/\/cdn.civitatis.com\/guias\/paris\/fotos\/thumbs\/notredame.jpg\" alt=\"Notre Dame\" width=\"336\" height=\"253\" \/><\/p>\n<div class=\"tituloPagina\">\n<h1>Bas\u00edlica del Sagrado Coraz\u00f3n<\/h1>\n<\/div>\n<p><strong>La Bas\u00edlica del Sagrado Coraz\u00f3n<\/strong> (Sacr\u00e9 Coeur), es uno de los lugares sagrados m\u00e1s importantes de Par\u00eds. <strong>Se encuentra situada en lo alto de <a title=\"Montmartre\" href=\"https:\/\/www.paris.es\/montmartre\">Montmartre<\/a><\/strong>, una colina de 130 metros de altura desde donde se contemplan unas vistas magn\u00edficas de Par\u00eds.<\/p>\n<p><img loading=\"lazy\" decoding=\"async\" class=\" wp-image-68 aligncenter\" src=\"http:\/\/blog.espol.edu.ec\/gccastro\/files\/2016\/11\/basilique-sacre-300x225.jpg\" alt=\"basilique-sacre\" width=\"349\" height=\"262\" srcset=\"https:\/\/blog.espol.edu.ec\/gccastro\/files\/2016\/11\/basilique-sacre-300x225.jpg 300w, https:\/\/blog.espol.edu.ec\/gccastro\/files\/2016\/11\/basilique-sacre.jpg 700w\" sizes=\"auto, (max-width: 349px) 100vw, 349px\" \/><\/p>\n<\/div>\n<p>&nbsp;<\/p>\n<p>&nbsp;<\/p>\n","protected":false},"excerpt":{"rendered":"<p>Torre Eiffel La Torre Eiffel es una construcci\u00f3n de hierro de 300 metros de altura que fue creada para la Exposici\u00f3n Universal de Par\u00eds de 1889. Actualmente constituye el s\u00edmbolo m\u00e1s representativo de Par\u00eds. Catedral de Notre Dame Construida entre 1163 y 1245 en la \u00cele de la Cit\u00e9, la Catedral de Notre Dame de [&hellip;]<\/p>\n","protected":false},"author":10700,"featured_media":0,"comment_status":"open","ping_status":"open","sticky":false,"template":"","format":"standard","meta":{"footnotes":""},"categories":[1384720],"tags":[],"class_list":["post-66","post","type-post","status-publish","format-standard","hentry","category-lugares-con-hermosos-paisajes"],"_links":{"self":[{"href":"https:\/\/blog.espol.edu.ec\/gccastro\/wp-json\/wp\/v2\/posts\/66","targetHints":{"allow":["GET"]}}],"collection":[{"href":"https:\/\/blog.espol.edu.ec\/gccastro\/wp-json\/wp\/v2\/posts"}],"about":[{"href":"https:\/\/blog.espol.edu.ec\/gccastro\/wp-json\/wp\/v2\/types\/post"}],"author":[{"embeddable":true,"href":"https:\/\/blog.espol.edu.ec\/gccastro\/wp-json\/wp\/v2\/users\/10700"}],"replies":[{"embeddable":true,"href":"https:\/\/blog.espol.edu.ec\/gccastro\/wp-json\/wp\/v2\/comments?post=66"}],"version-history":[{"count":2,"href":"https:\/\/blog.espol.edu.ec\/gccastro\/wp-json\/wp\/v2\/posts\/66\/revisions"}],"predecessor-version":[{"id":70,"href":"https:\/\/blog.espol.edu.ec\/gccastro\/wp-json\/wp\/v2\/posts\/66\/revisions\/70"}],"wp:attachment":[{"href":"https:\/\/blog.espol.edu.ec\/gccastro\/wp-json\/wp\/v2\/media?parent=66"}],"wp:term":[{"taxonomy":"category","embeddable":true,"href":"https:\/\/blog.espol.edu.ec\/gccastro\/wp-json\/wp\/v2\/categories?post=66"},{"taxonomy":"post_tag","embeddable":true,"href":"https:\/\/blog.espol.edu.ec\/gccastro\/wp-json\/wp\/v2\/tags?post=66"}],"curies":[{"name":"wp","href":"https:\/\/api.w.org\/{rel}","templated":true}]}}