{"id":142,"date":"2010-08-27T20:52:26","date_gmt":"2010-08-28T00:52:26","guid":{"rendered":"http:\/\/blog.espol.edu.ec\/gchong\/?p=142"},"modified":"2010-08-27T20:53:13","modified_gmt":"2010-08-28T00:53:13","slug":"millonarios-quieren-sorprender-a-la-liga","status":"publish","type":"post","link":"https:\/\/blog.espol.edu.ec\/gchong\/2010\/08\/27\/millonarios-quieren-sorprender-a-la-liga\/","title":{"rendered":"Millonarios quieren sorprender a la Liga."},"content":{"rendered":"<p><a href=\"http:\/\/blog.espol.edu.ec\/gchong\/files\/2010\/08\/emelec-entrena-2010.jpg\"><img loading=\"lazy\" decoding=\"async\" class=\"aligncenter size-medium wp-image-143\" title=\"emelec-entrena-2010\" src=\"http:\/\/blog.espol.edu.ec\/gchong\/files\/2010\/08\/emelec-entrena-2010-300x225.jpg\" alt=\"\" width=\"300\" height=\"225\" srcset=\"https:\/\/blog.espol.edu.ec\/gchong\/files\/2010\/08\/emelec-entrena-2010-300x225.jpg 300w, https:\/\/blog.espol.edu.ec\/gchong\/files\/2010\/08\/emelec-entrena-2010.jpg 400w\" sizes=\"auto, (max-width: 300px) 100vw, 300px\" \/><\/a><\/p>\n<p>Los jugadores de Emelec sienten que este domingo estar\u00e1n en el momento y ante el rival clave, el l\u00edder del torneo nacional Liga de Quito, para cumplir su aspiraci\u00f3n de repetir en el primer lugar en la segunda etapa del campeonato y as\u00ed asegurarse el t\u00edtulo de campe\u00f3n.<\/p>\n<p>Es el equipo al que hay que \"sacarle los puntos\", expresa sin dudar el volante paraguayo Fernando Gim\u00e9nez.<\/p>\n<p>El Vikingo Gim\u00e9nez reitera que la meta de Emelec es \"ganar otra vez este torneo (etapa)\", pero \"tenemos que ganar este compromiso, que es clave. Ellos (los albos) har\u00e1n su partido para tratar de seguir en la punta, pero nosotros vamos a hacer nuestro trabajo para tratar de descontarle los puntos que necesitamos\".<\/p>\n<p>Sobre las cualidades del rival, el centrocampista guaran\u00ed reconoce que \"es un equipo r\u00e1pido, que tiene jugadores h\u00e1biles por la banda, que se defiende bastante bien\".<\/p>\n<p>Por eso el Vikingo no quiere confiarse. \"Tenemos que tomar precauciones de los jugadores h\u00e1biles con la pelota en el medio campo y hacer nuestro juego para ganar el partido\".<\/p>\n<p>Adem\u00e1s, destaca otras cualidades de Liga: \"Es un equipo muy experimentado, que no se desespera nunca. Saben trabajar el partido, vamos a tratar de imponer nuestro ritmo\".<\/p>\n<p>El volante Jos\u00e9 Luis Qui\u00f1\u00f3nez tambi\u00e9n cree que Emelec debe aprovechar el momento del rival, que compite en dos frentes, la Recopa y el torneo nacional, y en ambos quiere ser protagonista; incluso para este domingo los albos pretenden jugar con el mismo equipo que se present\u00f3 el mi\u00e9rcoles. \"Sabemos que ellos est\u00e1n en un importante torneo internacional (la Recopa) y trataremos de sacar provecho de eso\", indic\u00f3.<\/p>\n<p>El artillero el\u00e9ctrico Jaime Ayov\u00ed tambi\u00e9n idea la forma de sorprender al rival con goles. \"Hay que jugarle con mucha movilidad. Esperamos ganar contundentemente\".<\/p>\n<p><strong>El\u00e9ctricos: Novena fecha<\/strong><br \/>\n<strong>Titulares para el domingo<\/strong><br \/>\nMarcelo Elizaga; Gabriel Achilier, Marcelo Fleitas, Eduardo Morante, Fernando Gim\u00e9nez; Polo Wila, David Quiroz, Fernando Gaibor, Santiago Biglieri; Joao Rojas y Jaime Ayov\u00ed. El partido se jugar\u00e1 a las 14:00.<\/p>\n<p><strong>Foto oficial<\/strong><br \/>\nAyer la plantilla principal de Emelec se tom\u00f3 la fotograf\u00eda oficial. En la gr\u00e1fica no particip\u00f3 Pedro Qui\u00f1\u00f3nez, quien a\u00fan tiene inmovilizado su brazo derecho por una lesi\u00f3n en el hombro. En dos semanas volver\u00e1 a entrenar.<\/p>\n<p><strong>DT Bauza: Vamos con los titulares<\/strong><strong>\u00a0<\/strong><\/p>\n<p>Luego de vencer 2-1 el mi\u00e9rcoles a Estudiantes de la Plata, de Argentina, en la primera final de la Recopa, Liga de Quito dedic\u00f3 el d\u00eda de ayer a hacer trabajos de recuperaci\u00f3n de sus jugadores titulares.<\/p>\n<p>El t\u00e9cnico Edgardo Bauza, hasta ayer, no defin\u00eda c\u00f3mo formar\u00eda para el duelo de este domingo, en el estadio Capwell (14:00) ante Emelec, pero adelant\u00f3 que \"no hay descanso para nadie\", con lo que descart\u00f3 usar una plantilla alterna para medir a los azules.<\/p>\n<p>\"Vamos a ir con todos los titulares\", asegur\u00f3 ayer el Pat\u00f3n luego del trabajo regenerativo cumplido con el equipo que actu\u00f3 el mi\u00e9rcoles.<\/p>\n<p>De la formaci\u00f3n titular que us\u00f3 Bauza para el juego de la Recopa, el carrilero izquierdo Pa\u00fal Ambrosi no estar\u00eda como titular, para cumplir con el reglamento del jugador juvenil, por eso en la formaci\u00f3n aparecer\u00eda con Marlon Ganchozo.<\/p>\n<p>El resto del equipo azucena se mantendr\u00eda inalterable, aunque Bauza dej\u00f3 abierta la posibilidad de cambios, que se definir\u00edan en la pr\u00e1ctica de esta ma\u00f1ana, que se cumplir\u00e1 a puerta cerrada.<\/p>\n<p>Fuente: Azulyplomo.com<\/p>\n","protected":false},"excerpt":{"rendered":"<p>Los jugadores de Emelec sienten que este domingo estar\u00e1n en el momento y ante el rival clave, el l\u00edder del torneo nacional Liga de Quito, para cumplir su aspiraci\u00f3n de repetir en el primer lugar en la segunda etapa del campeonato y as\u00ed asegurarse el t\u00edtulo de campe\u00f3n. Es el equipo al que hay que [&hellip;]<\/p>\n","protected":false},"author":2342,"featured_media":0,"comment_status":"open","ping_status":"open","sticky":false,"template":"","format":"standard","meta":{"footnotes":""},"categories":[1],"tags":[],"class_list":["post-142","post","type-post","status-publish","format-standard","hentry","category-uncategorized"],"_links":{"self":[{"href":"https:\/\/blog.espol.edu.ec\/gchong\/wp-json\/wp\/v2\/posts\/142","targetHints":{"allow":["GET"]}}],"collection":[{"href":"https:\/\/blog.espol.edu.ec\/gchong\/wp-json\/wp\/v2\/posts"}],"about":[{"href":"https:\/\/blog.espol.edu.ec\/gchong\/wp-json\/wp\/v2\/types\/post"}],"author":[{"embeddable":true,"href":"https:\/\/blog.espol.edu.ec\/gchong\/wp-json\/wp\/v2\/users\/2342"}],"replies":[{"embeddable":true,"href":"https:\/\/blog.espol.edu.ec\/gchong\/wp-json\/wp\/v2\/comments?post=142"}],"version-history":[{"count":2,"href":"https:\/\/blog.espol.edu.ec\/gchong\/wp-json\/wp\/v2\/posts\/142\/revisions"}],"predecessor-version":[{"id":145,"href":"https:\/\/blog.espol.edu.ec\/gchong\/wp-json\/wp\/v2\/posts\/142\/revisions\/145"}],"wp:attachment":[{"href":"https:\/\/blog.espol.edu.ec\/gchong\/wp-json\/wp\/v2\/media?parent=142"}],"wp:term":[{"taxonomy":"category","embeddable":true,"href":"https:\/\/blog.espol.edu.ec\/gchong\/wp-json\/wp\/v2\/categories?post=142"},{"taxonomy":"post_tag","embeddable":true,"href":"https:\/\/blog.espol.edu.ec\/gchong\/wp-json\/wp\/v2\/tags?post=142"}],"curies":[{"name":"wp","href":"https:\/\/api.w.org\/{rel}","templated":true}]}}