{"id":28,"date":"2010-08-10T04:34:50","date_gmt":"2010-08-10T04:34:50","guid":{"rendered":"http:\/\/blog.espol.edu.ec\/gedorado\/?p=28"},"modified":"2010-08-10T04:58:41","modified_gmt":"2010-08-10T04:58:41","slug":"world-of-warcraft-cataclysm","status":"publish","type":"post","link":"https:\/\/blog.espol.edu.ec\/gedorado\/2010\/08\/10\/world-of-warcraft-cataclysm\/","title":{"rendered":"WORLD oF WARCRAFT: CATACLYSM"},"content":{"rendered":"<p><a rel=\"attachment wp-att-49\" href=\"http:\/\/blog.espol.edu.ec\/gedorado\/2010\/08\/10\/world-of-warcraft-cataclysm\/sin-titulo\/\"><img loading=\"lazy\" decoding=\"async\" class=\"aligncenter size-full wp-image-49\" title=\"Sin t\u00edtulo\" src=\"http:\/\/blog.espol.edu.ec\/gedorado\/files\/2010\/08\/Sin-t\u00edtulo.jpg\" alt=\"\" width=\"347\" height=\"153\" \/><\/a><\/p>\n<p><span style=\"color: #ffffff\">1<\/span><\/p>\n<p>Un antiguo mal duerme en Infralar, el dominio de la tierra en el Plano Elemental.<\/p>\n<p><span style=\"color: #ffffff\">1<\/span><\/p>\n<p>Escondido en un santuario recluido, el corrompido Drag\u00f3n Aspecto Alamuerte ha esperado, recuper\u00e1ndose de las heridas de su \u00faltima batalla contra Azeroth y buscando el momento oportuno para poder reconvertir el mundo en fuego l\u00edquido.<\/p>\n<p><span style=\"color: #ffffff\">1<\/span><\/p>\n<p>Pronto, Alamuerte el Destructor volver\u00e1 a Azeroth y su erupci\u00f3n de Infralar dividir\u00e1 el mundo, dejando una herida infectada en los continentes. Mientras la Horda y la Alianza se lanzan a la carrera hacia el epicentro del cataclismo, los reinos de Azeroth ser\u00e1n testigos de movimientos s\u00edsmicos de poder, el despertar de la guerra de los elementos y la\u00a0\u00a0aparici\u00f3n de h\u00e9roes ins\u00f3litos que se alzar\u00e1n para proteger su mundo, traumatizado y deteriorado por la devastaci\u00f3n absoluta.<\/p>\n<p><span style=\"color: #ffffff\">1<\/span><\/p>\n<p><a rel=\"attachment wp-att-46\" href=\"http:\/\/blog.espol.edu.ec\/gedorado\/2010\/08\/10\/world-of-warcraft-cataclysm\/attachment\/3\/\"><img loading=\"lazy\" decoding=\"async\" class=\"aligncenter size-full wp-image-46\" title=\"3\" src=\"http:\/\/blog.espol.edu.ec\/gedorado\/files\/2010\/08\/3.jpg\" alt=\"\" width=\"400\" height=\"681\" srcset=\"https:\/\/blog.espol.edu.ec\/gedorado\/files\/2010\/08\/3.jpg 400w, https:\/\/blog.espol.edu.ec\/gedorado\/files\/2010\/08\/3-211x360.jpg 211w\" sizes=\"auto, (max-width: 400px) 100vw, 400px\" \/><\/a><\/p>\n<h1><span style=\"color: #ffffff\">1<\/span><\/h1>\n<h1>Caracteristicas del juego<\/h1>\n<p><span style=\"color: #ffffff\">1<\/span><\/p>\n<h2>Dos nuevas razas de juego<\/h2>\n<p><span style=\"color: #ffffff\">1<\/span><\/p>\n<p>Vive la aventura con una de las dos nuevas razas: los\u00a0<a href=\"http:\/\/www.wow-europe.com\/cataclysm\/features\/worgen.html\">ferocanis<\/a> malditos de la Alianza, o los ingeniosos\u00a0<a href=\"http:\/\/www.wow-europe.com\/cataclysm\/features\/goblin.html\">goblins<\/a> de la Horda.<\/p>\n<p><span style=\"color: #ffffff\">1<\/span><\/p>\n<p><img loading=\"lazy\" decoding=\"async\" class=\"aligncenter size-full wp-image-41\" title=\"2\" src=\"http:\/\/blog.espol.edu.ec\/gedorado\/files\/2010\/08\/2.jpg\" alt=\"\" width=\"630\" height=\"256\" srcset=\"https:\/\/blog.espol.edu.ec\/gedorado\/files\/2010\/08\/2.jpg 630w, https:\/\/blog.espol.edu.ec\/gedorado\/files\/2010\/08\/2-360x146.jpg 360w\" sizes=\"auto, (max-width: 630px) 100vw, 630px\" \/><\/p>\n<p><strong><span style=\"color: #ffffff\">1<\/span> <\/strong><strong> <\/strong><\/p>\n<h2>Nivel m\u00e1ximo aumentado a 85<\/h2>\n<p><span style=\"color: #ffffff\">1<\/span><\/p>\n<p>Aprende nuevas facultades, explora nuevos talentos y progresa a trav\u00e9s del sistema de sendas, una nueva manera de caracterizar los personajes.<\/p>\n<p><span style=\"color: #ffffff\">1<\/span><\/p>\n<h2>Zonas cl\u00e1sicas reconstruidas<\/h2>\n<p><span style=\"color: #ffffff\">1<\/span><\/p>\n<p>Las zonas conocidas en los continentes originales de Kalimdor y los Reinos del Este se han visto alteradas para siempre y actualizadas con nuevo contenido, desde las devastadas Tierras Inh\u00f3spitas hasta los destrozados Bald\u00edos, que se han visto rotos en dos.<\/p>\n<p><span style=\"color: #ffffff\">1<\/span><\/p>\n<h2>Nuevas zonas de nivel alto<\/h2>\n<p><span style=\"color: #ffffff\">1<\/span><\/p>\n<p>Explora las nuevas partes del mundo reci\u00e9n abiertas, incluidas Uldum, Grim Batol y la gran Ciudad Sumergida de Vashj'ir bajo el mar.<\/p>\n<p><span style=\"color: #ffffff\">1<\/span><\/p>\n<h2>M\u00e1s contenido de banda que nunca<\/h2>\n<p><span style=\"color: #ffffff\">1<\/span><\/p>\n<p>Disfruta de m\u00e1s contenido para bandas de alto nivel que en las anteriores expansiones, con la opci\u00f3n de versiones m\u00e1s dif\u00edciles para todos los encuentros.<\/p>\n<p><span style=\"color: #ffffff\">1<\/span><\/p>\n<h2>Nuevas combinaciones de razas y clases<\/h2>\n<p><span style=\"color: #ffffff\">1<\/span><\/p>\n<p>Explora Azeroth como un gnomo sacerdote, elfo de sangre guerrero o una de las\u00a0<a href=\"http:\/\/www.wow-europe.com\/cataclysm\/_images\/features\/raceclassmatrix_es_ES.jpg\">combinaciones de razas y clases<\/a> no disponibles anteriormente.<\/p>\n<p><span style=\"color: #ffffff\">1<\/span><\/p>\n<h2>Progreso en hermandad<\/h2>\n<p><span style=\"color: #ffffff\">1<\/span><\/p>\n<p>Progresa con tu hermandad para obtener niveles y logros de hermandad.<\/p>\n<p><span style=\"color: #ffffff\">1<\/span><\/p>\n<h2>Nueva zona JcJ y campos de batalla puntuados:<\/h2>\n<p><span style=\"color: #ffffff\">1<\/span><\/p>\n<p>Consigue objetivos JcJ y misiones diarias en la Isla de Tol Barad, una nueva zona parecida a Conquista del Invierno, y contin\u00faa la guerra en los nuevos campos de batalla puntuados.<\/p>\n<p><span style=\"color: #ffffff\">1<\/span><\/p>\n<h2>Arqueolog\u00eda<\/h2>\n<p><span style=\"color: #ffffff\">1<\/span><\/p>\n<p>Domina una nueva profesi\u00f3n secundaria para descubrir nuevos artefactos valiosos y obtener recompensas \u00fanicas.<\/p>\n<p><span style=\"color: #ffffff\">1<\/span><\/p>\n<h2>Monturas voladoras en Azeroth<\/h2>\n<p><span style=\"color: #ffffff\">1<\/span><\/p>\n<p>Explora Kalimdor y los Reinos del Este desde una perspectiva completamente nueva.<\/p>\n<p><span style=\"color: #ffffff\">1<\/span><\/p>\n<p><img loading=\"lazy\" decoding=\"async\" class=\"aligncenter size-full wp-image-39\" title=\"1\" src=\"http:\/\/blog.espol.edu.ec\/gedorado\/files\/2010\/08\/11.jpg\" alt=\"\" width=\"614\" height=\"256\" srcset=\"https:\/\/blog.espol.edu.ec\/gedorado\/files\/2010\/08\/11.jpg 614w, https:\/\/blog.espol.edu.ec\/gedorado\/files\/2010\/08\/11-360x150.jpg 360w\" sizes=\"auto, (max-width: 614px) 100vw, 614px\" \/><\/p>\n<p>Fuente:\u00a0<a href=\"http:\/\/www.wow-europe.com\/cataclysm\/\">wow-europe.com\/cataclysm\/<\/a><\/p>\n<p><span style=\"color: #ffffff\"><br \/>\n<\/span><\/p>\n","protected":false},"excerpt":{"rendered":"<p>1 Un antiguo mal duerme en Infralar, el dominio de la tierra en el Plano Elemental. 1 Escondido en un santuario recluido, el corrompido Drag\u00f3n Aspecto Alamuerte ha esperado, recuper\u00e1ndose de las heridas de su \u00faltima batalla contra Azeroth y buscando el momento oportuno para poder reconvertir el mundo en fuego l\u00edquido. 1 Pronto, Alamuerte [&hellip;]<\/p>\n","protected":false},"author":4826,"featured_media":0,"comment_status":"open","ping_status":"open","sticky":false,"template":"","format":"standard","meta":{"footnotes":""},"categories":[1],"tags":[],"class_list":["post-28","post","type-post","status-publish","format-standard","hentry","category-uncategorized"],"_links":{"self":[{"href":"https:\/\/blog.espol.edu.ec\/gedorado\/wp-json\/wp\/v2\/posts\/28","targetHints":{"allow":["GET"]}}],"collection":[{"href":"https:\/\/blog.espol.edu.ec\/gedorado\/wp-json\/wp\/v2\/posts"}],"about":[{"href":"https:\/\/blog.espol.edu.ec\/gedorado\/wp-json\/wp\/v2\/types\/post"}],"author":[{"embeddable":true,"href":"https:\/\/blog.espol.edu.ec\/gedorado\/wp-json\/wp\/v2\/users\/4826"}],"replies":[{"embeddable":true,"href":"https:\/\/blog.espol.edu.ec\/gedorado\/wp-json\/wp\/v2\/comments?post=28"}],"version-history":[{"count":19,"href":"https:\/\/blog.espol.edu.ec\/gedorado\/wp-json\/wp\/v2\/posts\/28\/revisions"}],"predecessor-version":[{"id":55,"href":"https:\/\/blog.espol.edu.ec\/gedorado\/wp-json\/wp\/v2\/posts\/28\/revisions\/55"}],"wp:attachment":[{"href":"https:\/\/blog.espol.edu.ec\/gedorado\/wp-json\/wp\/v2\/media?parent=28"}],"wp:term":[{"taxonomy":"category","embeddable":true,"href":"https:\/\/blog.espol.edu.ec\/gedorado\/wp-json\/wp\/v2\/categories?post=28"},{"taxonomy":"post_tag","embeddable":true,"href":"https:\/\/blog.espol.edu.ec\/gedorado\/wp-json\/wp\/v2\/tags?post=28"}],"curies":[{"name":"wp","href":"https:\/\/api.w.org\/{rel}","templated":true}]}}