{"id":61,"date":"2010-08-26T02:39:19","date_gmt":"2010-08-26T02:39:19","guid":{"rendered":"http:\/\/blog.espol.edu.ec\/gedorado\/?p=61"},"modified":"2010-08-26T02:39:19","modified_gmt":"2010-08-26T02:39:19","slug":"motorola-sobre-la-no-actualizacion-de-android-en-sus-equipos-%c2%abesto-es-un-negocio%c2%bb","status":"publish","type":"post","link":"https:\/\/blog.espol.edu.ec\/gedorado\/2010\/08\/26\/motorola-sobre-la-no-actualizacion-de-android-en-sus-equipos-%c2%abesto-es-un-negocio%c2%bb\/","title":{"rendered":"Motorola sobre la no actualizaci\u00f3n de Android en sus equipos: \u00abesto es un negocio\u00bb"},"content":{"rendered":"<p>Llegan las primeras y tard\u00edas declaraciones por parte de\u00a0<strong><a href=\"http:\/\/alt1040.com\/tag\/motorola\">Motorola<\/a><\/strong> con respecto a la decisi\u00f3n de\u00a0<strong>no<\/strong> actualizar la versi\u00f3n de Android en sus tel\u00e9fonos\u00a0<a href=\"http:\/\/alt1040.com\/2010\/08\/motorola-no-actualizara-la-version-de-android-de-sus-telefonos-dext-o-backflip-en-latinoamerica-y-europa\"><strong>Dext<\/strong>,\u00a0<strong>BackFlip<\/strong><\/a> y\u00a0<strong><a href=\"http:\/\/alt1040.com\/2010\/08\/motorola-milestone-no-tendra-actualizacion-a-android-22-en-latinoamerica\">Milestone<\/a><\/strong>. Advertencia: son decepcionantes y probablemente incrementen la molestia acumulada hacia la empresa.<\/p>\n<p><a rel=\"attachment wp-att-62\" href=\"http:\/\/blog.espol.edu.ec\/gedorado\/2010\/08\/26\/motorola-sobre-la-no-actualizacion-de-android-en-sus-equipos-%c2%abesto-es-un-negocio%c2%bb\/motorola-logo-big\/\"><img loading=\"lazy\" decoding=\"async\" class=\"aligncenter size-full wp-image-62\" title=\"motorola-logo-big\" src=\"http:\/\/blog.espol.edu.ec\/gedorado\/files\/2010\/08\/motorola-logo-big.jpeg\" alt=\"\" width=\"300\" height=\"300\" srcset=\"https:\/\/blog.espol.edu.ec\/gedorado\/files\/2010\/08\/motorola-logo-big.jpeg 300w, https:\/\/blog.espol.edu.ec\/gedorado\/files\/2010\/08\/motorola-logo-big-150x150.jpg 150w\" sizes=\"auto, (max-width: 300px) 100vw, 300px\" \/><\/a><\/p>\n<p>Vienen por parte de\u00a0<strong>Germ\u00e1n Greco<\/strong>,\u00a0<em>Director de Producto de la Unidad de Dispositivos M\u00f3viles<\/em> de la empresa quien fue\u00a0<a href=\"http:\/\/www.celularis.com\/motorola\/motorola-sobre-la-falta-de-actualizaciones-android-esto-es-un-negocio.php\">entrevistado por Celularis<\/a>, y entre otras cosas explic\u00f3:<\/p>\n<p>En el caso espec\u00edfico del Backflip y el Dext cuando vos le metes Motoblur arriba agregas muchas soluciones que vienen en Eclair. Igualmente hicimos muchas pruebas para entender la necesidad de hacerlo y luego de ver la respuesta de los usuarios con la actualizaci\u00f3n de Milestone, espec\u00edficamente en Latinoam\u00e9rica nos dimos cuenta que no todos los consumidores est\u00e1n preparados para recibir un upgrade. Y espec\u00edficamente el target de estos equipos no nos demostraba tampoco que lo quisieran casi todos.<\/p>\n<p>Siempre existe un 1% que te acribilla porque lo quiere pero esto es un negocio y hay que ver todas las variables necesarias. Entonces, tenes que evaluar donde pones los ingenieros, a hacer un upgrade de productos o seguir siendo l\u00edderes al lanzar un equipo Android 2.2 antes que nadie o seguir lanzando versiones nuevas de Motoblur. La verdad es que el consumidor final nos dio una respuesta de que le interesa a muy poco porcentaje de gente y sin embargo yo personalmente ped\u00ed mucho la actualizaci\u00f3n por una cuesti\u00f3n estrat\u00e9gica o de marca.<\/p>\n<p><a rel=\"attachment wp-att-63\" href=\"http:\/\/blog.espol.edu.ec\/gedorado\/2010\/08\/26\/motorola-sobre-la-no-actualizacion-de-android-en-sus-equipos-%c2%abesto-es-un-negocio%c2%bb\/german-greco-gerente-regional-de-product-marketing-de-mobile-devices-de-motorola-v1-ngvyaazrb4t99pybt285wwt1shu93qpmtactz81axxh47yhstjsi4gw-archive\/\"><img loading=\"lazy\" decoding=\"async\" class=\"aligncenter size-full wp-image-63\" title=\"german-greco-gerente-regional-de-product-marketing-de-mobile-devices-de-motorola-v1-nGVYAAZrb4T99pybT285wwT1ShU93QpmtacTz81AXxH47yhSTjSI4gw-archive\" src=\"http:\/\/blog.espol.edu.ec\/gedorado\/files\/2010\/08\/german-greco-gerente-regional-de-product-marketing-de-mobile-devices-de-motorola-v1-nGVYAAZrb4T99pybT285wwT1ShU93QpmtacTz81AXxH47yhSTjSI4gw-archive.jpeg\" alt=\"\" width=\"218\" height=\"237\" \/><\/a><\/p>\n<p>Greco tambi\u00e9n explica que apenas el 10% de los usuarios aceptaron el FOTA (Firmware Over The Air, como suele conocerse a recibir una actualizaci\u00f3n de software de forma inal\u00e1mbrica). Al final\u00a0<em>esto es un negocio<\/em>, s\u00ed que lo es. Pero creo que las marcas que ponen atenci\u00f3n y cuidan a sus usuarios son las que est\u00e1n triunfando.<\/p>\n<p>Pero en serio, \u00bfen qu\u00e9 cabeza entra que es beneficioso para el usuario el no recibir una actualizaci\u00f3n? \u00bfEn qu\u00e9 perjudica a los clientes tener un mejor tel\u00e9fono por medio de un nuevo firmware?<\/p>\n<p>Una pena que por malas decisiones estrat\u00e9gicas, un inmenso n\u00famero de usuarios que compraron tel\u00e9fonos bastante caros no reciban actualizaciones de\u00a0<em>software<\/em> como sucede en practicamente cualquier otra marca de\u00a0<em>smartphones<\/em>.<\/p>\n<p><strong><em>Bibliogr\u00e1fica:\u00a0<a title=\"Entradas de Eduardo Arcos\" href=\"http:\/\/alt1040.com\/author\/earcos\/\">Eduardo Arcos<\/a><\/em><\/strong><\/p>\n<p><strong><em><a href=\"http:\/\/alt1040.com\/2010\/08\/motorola-sobre-la-no-actualizacion-de-android-en-sus-equipos-esto-es-un-negocio#more-82894\">http:\/\/alt1040.com\/2010\/08\/motorola-sobre-la-no-actualizacion-de-android-en-sus-equipos-esto-es-un-negocio#more-82894<\/a><\/em><\/strong><\/p>\n","protected":false},"excerpt":{"rendered":"<p>Llegan las primeras y tard\u00edas declaraciones por parte de\u00a0Motorola con respecto a la decisi\u00f3n de\u00a0no actualizar la versi\u00f3n de Android en sus tel\u00e9fonos\u00a0Dext,\u00a0BackFlip y\u00a0Milestone. Advertencia: son decepcionantes y probablemente incrementen la molestia acumulada hacia la empresa. Vienen por parte de\u00a0Germ\u00e1n Greco,\u00a0Director de Producto de la Unidad de Dispositivos M\u00f3viles de la empresa quien fue\u00a0entrevistado por [&hellip;]<\/p>\n","protected":false},"author":4826,"featured_media":0,"comment_status":"open","ping_status":"open","sticky":false,"template":"","format":"standard","meta":{"footnotes":""},"categories":[1],"tags":[],"class_list":["post-61","post","type-post","status-publish","format-standard","hentry","category-uncategorized"],"_links":{"self":[{"href":"https:\/\/blog.espol.edu.ec\/gedorado\/wp-json\/wp\/v2\/posts\/61","targetHints":{"allow":["GET"]}}],"collection":[{"href":"https:\/\/blog.espol.edu.ec\/gedorado\/wp-json\/wp\/v2\/posts"}],"about":[{"href":"https:\/\/blog.espol.edu.ec\/gedorado\/wp-json\/wp\/v2\/types\/post"}],"author":[{"embeddable":true,"href":"https:\/\/blog.espol.edu.ec\/gedorado\/wp-json\/wp\/v2\/users\/4826"}],"replies":[{"embeddable":true,"href":"https:\/\/blog.espol.edu.ec\/gedorado\/wp-json\/wp\/v2\/comments?post=61"}],"version-history":[{"count":3,"href":"https:\/\/blog.espol.edu.ec\/gedorado\/wp-json\/wp\/v2\/posts\/61\/revisions"}],"predecessor-version":[{"id":66,"href":"https:\/\/blog.espol.edu.ec\/gedorado\/wp-json\/wp\/v2\/posts\/61\/revisions\/66"}],"wp:attachment":[{"href":"https:\/\/blog.espol.edu.ec\/gedorado\/wp-json\/wp\/v2\/media?parent=61"}],"wp:term":[{"taxonomy":"category","embeddable":true,"href":"https:\/\/blog.espol.edu.ec\/gedorado\/wp-json\/wp\/v2\/categories?post=61"},{"taxonomy":"post_tag","embeddable":true,"href":"https:\/\/blog.espol.edu.ec\/gedorado\/wp-json\/wp\/v2\/tags?post=61"}],"curies":[{"name":"wp","href":"https:\/\/api.w.org\/{rel}","templated":true}]}}