{"id":85,"date":"2010-09-03T03:55:02","date_gmt":"2010-09-03T03:55:02","guid":{"rendered":"http:\/\/blog.espol.edu.ec\/gedorado\/?p=85"},"modified":"2010-09-03T03:55:02","modified_gmt":"2010-09-03T03:55:02","slug":"samsung-galaxy-tab-presentado-en-ifa-2010","status":"publish","type":"post","link":"https:\/\/blog.espol.edu.ec\/gedorado\/2010\/09\/03\/samsung-galaxy-tab-presentado-en-ifa-2010\/","title":{"rendered":"Samsung Galaxy Tab presentado en IFA 2010"},"content":{"rendered":"<p><a rel=\"attachment wp-att-86\" href=\"http:\/\/blog.espol.edu.ec\/gedorado\/2010\/09\/03\/samsung-galaxy-tab-presentado-en-ifa-2010\/samsung-galaxy-tab-291x420\/\"><img loading=\"lazy\" decoding=\"async\" class=\"aligncenter size-full wp-image-86\" title=\"samsung-galaxy-tab-291x420\" src=\"http:\/\/blog.espol.edu.ec\/gedorado\/files\/2010\/09\/samsung-galaxy-tab-291x420.jpg\" alt=\"\" width=\"291\" height=\"420\" srcset=\"https:\/\/blog.espol.edu.ec\/gedorado\/files\/2010\/09\/samsung-galaxy-tab-291x420.jpg 291w, https:\/\/blog.espol.edu.ec\/gedorado\/files\/2010\/09\/samsung-galaxy-tab-291x420-249x360.jpg 249w\" sizes=\"auto, (max-width: 291px) 100vw, 291px\" \/><\/a><\/p>\n<p>Hoy ha sido el d\u00eda elegido por\u00a0<a href=\"http:\/\/alt1040.com\/tag\/samsung\">Samsung<\/a> para presentar en IFA su primera<em>tablet<\/em> con Android, el\u00a0<strong>Samsung Galaxy Tab<\/strong>. Lo primero que hay que destacar de esta tablet es el tama\u00f1o de su pantalla la cual tiene 7 pulgadas, algo m\u00e1s peque\u00f1a que la del iPad por lo que seguramente no buscan competir directamente con el producto de Apple. La pantalla es multit\u00e1ctil y tiene una\u00a0<strong>resoluci\u00f3n de 1024x600 pixeles<\/strong> acompa\u00f1ado por un chip A8 de 1GHZ fabricado por la propia empresa.<\/p>\n<p>Resulta curioso intentar entender que es lo que busca Samsung con Galaxy Tab,\u00a0<a href=\"http:\/\/gizmologia.com\/2010\/09\/samsung-galaxy-tab-ifa-2010\">coincido con Manu a la hora de pensar que no quieren competir con el iPad<\/a>, por lo que est\u00e1n buscando un hueco muy concreto dentro del mercado. Parece una especie de h\u00edbrido entre un\u00a0<em>smartphone<\/em> y una\u00a0<em>tablet<\/em>, muestra de ello es que cuenta con conexi\u00f3n a redes\u00a0<strong>3G<\/strong>,\u00a0<strong>WiFi 802.11n<\/strong> y\u00a0<strong>Bluetooth 3.0<\/strong>, lo cual le ofrece unas posibilidades de conectividad muy interesantes con las cuales no cuentan todas las\u00a0<em>tablets<\/em> o bien si queremos contar con ello tenemos que pagar un poco m\u00e1s.<\/p>\n<p>Cuenta con\u00a0<strong>512Mb de memoria RAM<\/strong>, mientras que el tama\u00f1o del disco duro cuenta con capacidades de\u00a0<strong>16GB<\/strong> y\u00a0<strong>32GB<\/strong>. Todo ello acompa\u00f1ando de una bater\u00eda de 4000mAh la cual proporciona una duraci\u00f3n de 7 horas en reproducci\u00f3n de v\u00eddeo. En el apartado de software tendr\u00e1 Flash 10.1 preinstalado y correr\u00e1 con Android 2.2, \u00bfpero es lo mejor para una tablet? Por el momento es una de las posibilidades que hay en el mercado pero creo que en el futuro probablemente los fabricantes elijan Chrome OS para las\u00a0<em>tablets<\/em> dejando\u00a0<a href=\"http:\/\/alt1040.com\/tag\/android\">Android<\/a> para los\u00a0<em>smartphone<\/em>.<\/p>\n<p>Una de las curiosidades de este producto de Samsung es lo que\u00a0<a href=\"http:\/\/alt1040.com\/2010\/08\/en-samsung-falta-imaginacion-y-sobran-abogados\">coment\u00f3 hace unos d\u00edas Carlos sobre las grandes similitudes de Galaxy Tab a nivel de dise\u00f1o con el iPad<\/a>, donde lo que m\u00e1s destaca es el cargador que cuenta con un conector de 30 pines, al igual que la\u00a0<em>tablet<\/em> de Apple y que desde luego, si no tuviera escrita la palabra \u201cSamsung\u201d se podr\u00eda pensar que es un cargador de la empresa de la manzana.<\/p>\n<p>Galaxy Tab estar\u00e1 disponible dentro de poco, llegar\u00e1 a Europa en septiembre aunque todav\u00eda no se saben a qu\u00e9 pa\u00edses llegar\u00e1 primero y a qu\u00e9 precio lo har\u00e1. Lo que si sabemos y est\u00e1 confirmado ya es qu\u00e9\u00a0<strong>Vodafone<\/strong> <a href=\"http:\/\/twitter.com\/vodafone_es\/status\/22787959937\">lo distribuir\u00e1 en Espa\u00f1a a partir de octubre<\/a>.<\/p>\n<p>Bibliografia: http:\/\/alt1040.com<\/p>\n","protected":false},"excerpt":{"rendered":"<p>Hoy ha sido el d\u00eda elegido por\u00a0Samsung para presentar en IFA su primeratablet con Android, el\u00a0Samsung Galaxy Tab. Lo primero que hay que destacar de esta tablet es el tama\u00f1o de su pantalla la cual tiene 7 pulgadas, algo m\u00e1s peque\u00f1a que la del iPad por lo que seguramente no buscan competir directamente con el [&hellip;]<\/p>\n","protected":false},"author":4826,"featured_media":0,"comment_status":"open","ping_status":"open","sticky":false,"template":"","format":"standard","meta":{"footnotes":""},"categories":[1],"tags":[],"class_list":["post-85","post","type-post","status-publish","format-standard","hentry","category-uncategorized"],"_links":{"self":[{"href":"https:\/\/blog.espol.edu.ec\/gedorado\/wp-json\/wp\/v2\/posts\/85","targetHints":{"allow":["GET"]}}],"collection":[{"href":"https:\/\/blog.espol.edu.ec\/gedorado\/wp-json\/wp\/v2\/posts"}],"about":[{"href":"https:\/\/blog.espol.edu.ec\/gedorado\/wp-json\/wp\/v2\/types\/post"}],"author":[{"embeddable":true,"href":"https:\/\/blog.espol.edu.ec\/gedorado\/wp-json\/wp\/v2\/users\/4826"}],"replies":[{"embeddable":true,"href":"https:\/\/blog.espol.edu.ec\/gedorado\/wp-json\/wp\/v2\/comments?post=85"}],"version-history":[{"count":2,"href":"https:\/\/blog.espol.edu.ec\/gedorado\/wp-json\/wp\/v2\/posts\/85\/revisions"}],"predecessor-version":[{"id":88,"href":"https:\/\/blog.espol.edu.ec\/gedorado\/wp-json\/wp\/v2\/posts\/85\/revisions\/88"}],"wp:attachment":[{"href":"https:\/\/blog.espol.edu.ec\/gedorado\/wp-json\/wp\/v2\/media?parent=85"}],"wp:term":[{"taxonomy":"category","embeddable":true,"href":"https:\/\/blog.espol.edu.ec\/gedorado\/wp-json\/wp\/v2\/categories?post=85"},{"taxonomy":"post_tag","embeddable":true,"href":"https:\/\/blog.espol.edu.ec\/gedorado\/wp-json\/wp\/v2\/tags?post=85"}],"curies":[{"name":"wp","href":"https:\/\/api.w.org\/{rel}","templated":true}]}}