{"id":89,"date":"2010-09-03T03:56:25","date_gmt":"2010-09-03T03:56:25","guid":{"rendered":"http:\/\/blog.espol.edu.ec\/gedorado\/?p=89"},"modified":"2010-09-03T03:56:25","modified_gmt":"2010-09-03T03:56:25","slug":"google-responde-a-steve-jobs-no-contamos-las-actualizaciones","status":"publish","type":"post","link":"https:\/\/blog.espol.edu.ec\/gedorado\/2010\/09\/03\/google-responde-a-steve-jobs-no-contamos-las-actualizaciones\/","title":{"rendered":"Google responde a Steve Jobs: no contamos las actualizaciones"},"content":{"rendered":"<p>La particular\u00a0<em>guerra<\/em> de declaraciones entre\u00a0<strong><a href=\"http:\/\/alt1040.com\/tag\/apple\">Apple<\/a><\/strong> y\u00a0<strong><a href=\"http:\/\/alt1040.com\/tag\/google\">Google<\/a><\/strong>contin\u00faa. Ayer durante la\u00a0<a href=\"http:\/\/appleweblog.com\/tag\/conferencia-apple-otono-2010\">presentaci\u00f3n musical de oto\u00f1o<\/a> de la compa\u00f1\u00eda, Steve Jobs mencionaba que se activan\u00a0<strong>230.000<\/strong>dispositivos con iOS al d\u00eda y que \u00ab<em>a diferencia de algunos amigos en la industria<\/em>\u00bb esto no cuenta actualizaciones.<\/p>\n<p>No es claro a qui\u00e9n iba dirigida al indirecta, pero un representante de\u00a0<strong>Google<\/strong> ha respondido por medio\u00a0<a href=\"http:\/\/tech.fortune.cnn.com\/2010\/09\/01\/steve-jobs-hits-google-with-number-counting-accusations\/\">Fortune<\/a>:<\/p>\n<p>Las cifras de activaci\u00f3n de Android\u00a0<strong>no<\/strong> incluyen actualizaciones y de hecho son una porci\u00f3n del total de dispositivos en el mercado ya que nosotros solo contamos terminales a los que se le ha instalado servicios de Google.<\/p>\n<p><a rel=\"attachment wp-att-90\" href=\"http:\/\/blog.espol.edu.ec\/gedorado\/2010\/09\/03\/google-responde-a-steve-jobs-no-contamos-las-actualizaciones\/attachment\/230000\/\"><img loading=\"lazy\" decoding=\"async\" class=\"aligncenter size-full wp-image-90\" title=\"230000\" src=\"http:\/\/blog.espol.edu.ec\/gedorado\/files\/2010\/09\/230000.jpg\" alt=\"\" width=\"375\" height=\"332\" srcset=\"https:\/\/blog.espol.edu.ec\/gedorado\/files\/2010\/09\/230000.jpg 375w, https:\/\/blog.espol.edu.ec\/gedorado\/files\/2010\/09\/230000-360x318.jpg 360w\" sizes=\"auto, (max-width: 375px) 100vw, 375px\" \/><\/a><\/p>\n<p>Entonces es posible que haya m\u00e1s de 200.000 activaciones diarias de\u00a0<em>smartphones<\/em> (y otros dispositivos) con\u00a0<strong>Android<\/strong>, sin contar actualizaciones.<\/p>\n<p>La realidad es que es una cuesti\u00f3n de tiempo para que se vendan m\u00e1s dispositivos\u00a0<strong><a href=\"http:\/\/alt1040.com\/tag\/android\">Android<\/a><\/strong> que\u00a0<strong><a href=\"http:\/\/alt1040.com\/tag\/ios\">iOS<\/a><\/strong>. El primero es libre y puede ser adoptado por cualquier empresa, el segundo es privativo y controlado por una sola compa\u00f1\u00eda.<\/p>\n<p>La pregunta ser\u00eda:\u00a0<em>\u00bfcu\u00e1l es el beneficio real de que uno u otro sistema operativo tenga mayor porcentaje de mercado?<\/em> Me encantar\u00eda leer sus opiniones al respecto.<\/p>\n<p>Bibliogr\u00e1fica: <a href=\"http:\/\/www.applesfera.com\/\">http:\/\/www.applesfera.com\/<\/a><\/p>\n","protected":false},"excerpt":{"rendered":"<p>La particular\u00a0guerra de declaraciones entre\u00a0Apple y\u00a0Googlecontin\u00faa. Ayer durante la\u00a0presentaci\u00f3n musical de oto\u00f1o de la compa\u00f1\u00eda, Steve Jobs mencionaba que se activan\u00a0230.000dispositivos con iOS al d\u00eda y que \u00aba diferencia de algunos amigos en la industria\u00bb esto no cuenta actualizaciones. No es claro a qui\u00e9n iba dirigida al indirecta, pero un representante de\u00a0Google ha respondido por [&hellip;]<\/p>\n","protected":false},"author":4826,"featured_media":0,"comment_status":"open","ping_status":"open","sticky":false,"template":"","format":"standard","meta":{"footnotes":""},"categories":[1],"tags":[],"class_list":["post-89","post","type-post","status-publish","format-standard","hentry","category-uncategorized"],"_links":{"self":[{"href":"https:\/\/blog.espol.edu.ec\/gedorado\/wp-json\/wp\/v2\/posts\/89","targetHints":{"allow":["GET"]}}],"collection":[{"href":"https:\/\/blog.espol.edu.ec\/gedorado\/wp-json\/wp\/v2\/posts"}],"about":[{"href":"https:\/\/blog.espol.edu.ec\/gedorado\/wp-json\/wp\/v2\/types\/post"}],"author":[{"embeddable":true,"href":"https:\/\/blog.espol.edu.ec\/gedorado\/wp-json\/wp\/v2\/users\/4826"}],"replies":[{"embeddable":true,"href":"https:\/\/blog.espol.edu.ec\/gedorado\/wp-json\/wp\/v2\/comments?post=89"}],"version-history":[{"count":2,"href":"https:\/\/blog.espol.edu.ec\/gedorado\/wp-json\/wp\/v2\/posts\/89\/revisions"}],"predecessor-version":[{"id":92,"href":"https:\/\/blog.espol.edu.ec\/gedorado\/wp-json\/wp\/v2\/posts\/89\/revisions\/92"}],"wp:attachment":[{"href":"https:\/\/blog.espol.edu.ec\/gedorado\/wp-json\/wp\/v2\/media?parent=89"}],"wp:term":[{"taxonomy":"category","embeddable":true,"href":"https:\/\/blog.espol.edu.ec\/gedorado\/wp-json\/wp\/v2\/categories?post=89"},{"taxonomy":"post_tag","embeddable":true,"href":"https:\/\/blog.espol.edu.ec\/gedorado\/wp-json\/wp\/v2\/tags?post=89"}],"curies":[{"name":"wp","href":"https:\/\/api.w.org\/{rel}","templated":true}]}}