{"id":91,"date":"2010-08-21T03:03:35","date_gmt":"2010-08-21T03:03:35","guid":{"rendered":"http:\/\/blog.espol.edu.ec\/geliestar\/?p=91"},"modified":"2010-08-21T03:46:32","modified_gmt":"2010-08-21T03:46:32","slug":"ven-y-descubre-lo-que-tiene-ecuador-para-ti","status":"publish","type":"post","link":"https:\/\/blog.espol.edu.ec\/geliestar\/2010\/08\/21\/ven-y-descubre-lo-que-tiene-ecuador-para-ti\/","title":{"rendered":"Ven y descubre lo que tiene ECUADOR para ti ..!!"},"content":{"rendered":"<p>LOS ECUATORIANOS SON SERES RAROS Y UNICOS: DUERMEN TRANQUILOS EN MEDIO DE CRUJIENTES VOLCANES, VIVEN POBRES EN MEDIO DE INCOMPARABLES RIQUEZAS Y SE ALEGRAN CON MUSICA TRISTE...'<\/p>\n<p>EN LA COSTA :ATRACTIVOS TURISTICOS<br \/>\nMar, Sol y Playas, en la Ruta del Sol<br \/>\nPor estar en el tr\u00c3\u00b3pico, las aguas son templadas, por lo que ba\u00c3\u00b1arse y hacer deportes resulta muy agradable durante todo el a\u00f1o.<br \/>\n<a href=\"http:\/\/blog.espol.edu.ec\/geliestar\/files\/2010\/08\/salinas.jpg\"><img loading=\"lazy\" decoding=\"async\" src=\"http:\/\/blog.espol.edu.ec\/geliestar\/files\/2010\/08\/salinas-300x225.jpg\" alt=\"\" title=\"salinas\" width=\"300\" height=\"225\" class=\"alignnone size-medium wp-image-108\" srcset=\"https:\/\/blog.espol.edu.ec\/geliestar\/files\/2010\/08\/salinas-300x225.jpg 300w, https:\/\/blog.espol.edu.ec\/geliestar\/files\/2010\/08\/salinas.jpg 400w\" sizes=\"auto, (max-width: 300px) 100vw, 300px\" \/><\/a><a href=\"http:\/\/blog.espol.edu.ec\/geliestar\/files\/2010\/08\/rutadelsol.jpg\"><img loading=\"lazy\" decoding=\"async\" src=\"http:\/\/blog.espol.edu.ec\/geliestar\/files\/2010\/08\/rutadelsol.jpg\" alt=\"\" title=\"rutadelsol\" width=\"230\" height=\"150\" class=\"alignnone size-full wp-image-109\" \/><\/a><br \/>\nGuayaquil es la capital de la provincia Guayas y la ciudad tiene 2'200.000 habitantes. Guayaquil tiene el puerto mar\u00edtimo con el mayor movimiento de productos no petroleros del Ecuador.<br \/>\nEl barrio de Las Pe\u00f1as es muy interesante para visitar y apreciar el Guayaquil hist\u00f3rico.<br \/>\nAdem\u00e1s vale vistitar al Palacio Municipal, y la Torre del Reloj.<br \/>\nEl Malec\u00f3n 2000 y el Estero Salado son los proyectos  recientes para disfrutar la ciudad.<br \/>\n<a href=\"http:\/\/blog.espol.edu.ec\/geliestar\/files\/2010\/08\/Cerro-Santana-Guayaquil2.jpg\"><img loading=\"lazy\" decoding=\"async\" src=\"http:\/\/blog.espol.edu.ec\/geliestar\/files\/2010\/08\/Cerro-Santana-Guayaquil2-300x229.jpg\" alt=\"\" title=\"Cerro-Santana-Guayaquil\" width=\"300\" height=\"229\" class=\"alignnone size-medium wp-image-96\" srcset=\"https:\/\/blog.espol.edu.ec\/geliestar\/files\/2010\/08\/Cerro-Santana-Guayaquil2-300x229.jpg 300w, https:\/\/blog.espol.edu.ec\/geliestar\/files\/2010\/08\/Cerro-Santana-Guayaquil2.jpg 460w\" sizes=\"auto, (max-width: 300px) 100vw, 300px\" \/><\/a><a href=\"http:\/\/blog.espol.edu.ec\/geliestar\/files\/2010\/08\/BEA017A_Guayaquil_Ecuador1.jpg\"><img loading=\"lazy\" decoding=\"async\" src=\"http:\/\/blog.espol.edu.ec\/geliestar\/files\/2010\/08\/BEA017A_Guayaquil_Ecuador1-300x200.jpg\" alt=\"\" title=\"BEA017A_Guayaquil_Ecuador\" width=\"300\" height=\"200\" class=\"alignnone size-medium wp-image-97\" srcset=\"https:\/\/blog.espol.edu.ec\/geliestar\/files\/2010\/08\/BEA017A_Guayaquil_Ecuador1-300x200.jpg 300w, https:\/\/blog.espol.edu.ec\/geliestar\/files\/2010\/08\/BEA017A_Guayaquil_Ecuador1.jpg 540w\" sizes=\"auto, (max-width: 300px) 100vw, 300px\" \/><\/a><a href=\"http:\/\/blog.espol.edu.ec\/geliestar\/files\/2010\/08\/guayaquil1.jpg\"><img loading=\"lazy\" decoding=\"async\" src=\"http:\/\/blog.espol.edu.ec\/geliestar\/files\/2010\/08\/guayaquil1-300x225.jpg\" alt=\"\" title=\"guayaquil1\" width=\"300\" height=\"225\" class=\"alignnone size-medium wp-image-98\" srcset=\"https:\/\/blog.espol.edu.ec\/geliestar\/files\/2010\/08\/guayaquil1-300x225.jpg 300w, https:\/\/blog.espol.edu.ec\/geliestar\/files\/2010\/08\/guayaquil1.jpg 400w\" sizes=\"auto, (max-width: 300px) 100vw, 300px\" \/><\/a><a href=\"http:\/\/blog.espol.edu.ec\/geliestar\/files\/2010\/08\/guayaquil.jpg\"><img loading=\"lazy\" decoding=\"async\" src=\"http:\/\/blog.espol.edu.ec\/geliestar\/files\/2010\/08\/guayaquil-241x300.jpg\" alt=\"\" title=\"guayaquil\" width=\"241\" height=\"300\" class=\"alignnone size-medium wp-image-102\" srcset=\"https:\/\/blog.espol.edu.ec\/geliestar\/files\/2010\/08\/guayaquil-241x300.jpg 241w, https:\/\/blog.espol.edu.ec\/geliestar\/files\/2010\/08\/guayaquil.jpg 475w\" sizes=\"auto, (max-width: 241px) 100vw, 241px\" \/><\/a><\/p>\n<p>En la Sierra<br \/>\nTanto la avenida de los volcanes como los valles del Austro son lugares que ameritan una visita. El Coto \u2013Cotopaxi-, el Guagua -Pichincha-, el Sangay, los Illinizas\u2026 todos encierran muchos valores: ecolog\u00eda, pueblos y costumbres ancestrales, espacios de meditaci\u00f3n y encuentro con la PachaMama. Un viaje obligado es el de la Nariz del Diablo, genio de la arquitectura de fines de 1800, \u00e9sta es una estructura de ferrocarril muy estrecha, en ella el ferry desciende y re-asciende mientras cambia de carriles.<br \/>\n<a href=\"http:\/\/blog.espol.edu.ec\/geliestar\/files\/2010\/08\/templatmo_thumb_0.jpg\"><img loading=\"lazy\" decoding=\"async\" src=\"http:\/\/blog.espol.edu.ec\/geliestar\/files\/2010\/08\/templatmo_thumb_0-300x192.jpg\" alt=\"\" title=\"templatmo_thumb_0\" width=\"300\" height=\"192\" class=\"alignnone size-medium wp-image-104\" srcset=\"https:\/\/blog.espol.edu.ec\/geliestar\/files\/2010\/08\/templatmo_thumb_0-300x192.jpg 300w, https:\/\/blog.espol.edu.ec\/geliestar\/files\/2010\/08\/templatmo_thumb_0.jpg 450w\" sizes=\"auto, (max-width: 300px) 100vw, 300px\" \/><\/a><a href=\"http:\/\/blog.espol.edu.ec\/geliestar\/files\/2010\/08\/sierra-de-grazalema.jpg\"><img loading=\"lazy\" decoding=\"async\" src=\"http:\/\/blog.espol.edu.ec\/geliestar\/files\/2010\/08\/sierra-de-grazalema-300x225.jpg\" alt=\"\" title=\"sierra-de-grazalema\" width=\"300\" height=\"225\" class=\"alignnone size-medium wp-image-105\" srcset=\"https:\/\/blog.espol.edu.ec\/geliestar\/files\/2010\/08\/sierra-de-grazalema-300x225.jpg 300w, https:\/\/blog.espol.edu.ec\/geliestar\/files\/2010\/08\/sierra-de-grazalema.jpg 500w\" sizes=\"auto, (max-width: 300px) 100vw, 300px\" \/><\/a><br \/>\nEn el Oriente<br \/>\nTURISMO ECOLOGICO Y CONVIVENCIA CULTURAL<br \/>\nCaminatas por la selva, interpretaci\u00f3n ecol\u00f3gica y cultural y participaci\u00f3n en el quehacer diario familiar o comunitario.<br \/>\nTURISMO CULTURAL<br \/>\nConvivencia con los miembros de las comunidades ind\u00edgenas, participando en las labores diarias de las familias, como siembra, caza, pesca, preparaci\u00f3n de alimentos, etc,<br \/>\nTURISMO CIENT\u00cdFICO<br \/>\nProfesionales en diferentes \u00e1reas (ornit\u00f3logos, bot\u00e1nicos, entom\u00f3logos, bi\u00f3logos, etc.) pueden visitar la zona con fines cient\u00edficos, de igual manera estudiantes universitarios pueden realizar investigaciones y pr\u00e1cticas dentro del \u00e1mbito natural y cultural en comunidades ind\u00edgenas, siempre respetando sus convicciones y aportando con sus investigaciones al desarrollo local.<br \/>\n<a href=\"http:\/\/blog.espol.edu.ec\/geliestar\/files\/2010\/08\/amazonia1.jpg\"><img loading=\"lazy\" decoding=\"async\" src=\"http:\/\/blog.espol.edu.ec\/geliestar\/files\/2010\/08\/amazonia1-300x225.jpg\" alt=\"\" title=\"amazonia\" width=\"300\" height=\"225\" class=\"alignnone size-medium wp-image-112\" srcset=\"https:\/\/blog.espol.edu.ec\/geliestar\/files\/2010\/08\/amazonia1-300x225.jpg 300w, https:\/\/blog.espol.edu.ec\/geliestar\/files\/2010\/08\/amazonia1.jpg 1024w\" sizes=\"auto, (max-width: 300px) 100vw, 300px\" \/><\/a><a href=\"http:\/\/blog.espol.edu.ec\/geliestar\/files\/2010\/08\/ecuador_amazonia2.jpg\"><img loading=\"lazy\" decoding=\"async\" src=\"http:\/\/blog.espol.edu.ec\/geliestar\/files\/2010\/08\/ecuador_amazonia2-300x241.jpg\" alt=\"\" title=\"ecuador_amazonia2\" width=\"300\" height=\"241\" class=\"alignnone size-medium wp-image-113\" srcset=\"https:\/\/blog.espol.edu.ec\/geliestar\/files\/2010\/08\/ecuador_amazonia2-300x241.jpg 300w, https:\/\/blog.espol.edu.ec\/geliestar\/files\/2010\/08\/ecuador_amazonia2.jpg 320w\" sizes=\"auto, (max-width: 300px) 100vw, 300px\" \/><\/a><a href=\"http:\/\/blog.espol.edu.ec\/geliestar\/files\/2010\/08\/festicultural.jpg\"><img loading=\"lazy\" decoding=\"async\" src=\"http:\/\/blog.espol.edu.ec\/geliestar\/files\/2010\/08\/festicultural-300x219.jpg\" alt=\"\" title=\"festicultural\" width=\"300\" height=\"219\" class=\"alignnone size-medium wp-image-114\" srcset=\"https:\/\/blog.espol.edu.ec\/geliestar\/files\/2010\/08\/festicultural-300x219.jpg 300w, https:\/\/blog.espol.edu.ec\/geliestar\/files\/2010\/08\/festicultural.jpg 640w\" sizes=\"auto, (max-width: 300px) 100vw, 300px\" \/><\/a><\/p>\n","protected":false},"excerpt":{"rendered":"<p>LOS ECUATORIANOS SON SERES RAROS Y UNICOS: DUERMEN TRANQUILOS EN MEDIO DE CRUJIENTES VOLCANES, VIVEN POBRES EN MEDIO DE INCOMPARABLES RIQUEZAS Y SE ALEGRAN CON MUSICA TRISTE...' EN LA COSTA :ATRACTIVOS TURISTICOS Mar, Sol y Playas, en la Ruta del Sol Por estar en el tr\u00c3\u00b3pico, las aguas son templadas, por lo que ba\u00c3\u00b1arse y [&hellip;]<\/p>\n","protected":false},"author":4618,"featured_media":0,"comment_status":"open","ping_status":"open","sticky":false,"template":"","format":"standard","meta":{"footnotes":""},"categories":[1],"tags":[],"class_list":["post-91","post","type-post","status-publish","format-standard","hentry","category-uncategorized"],"_links":{"self":[{"href":"https:\/\/blog.espol.edu.ec\/geliestar\/wp-json\/wp\/v2\/posts\/91","targetHints":{"allow":["GET"]}}],"collection":[{"href":"https:\/\/blog.espol.edu.ec\/geliestar\/wp-json\/wp\/v2\/posts"}],"about":[{"href":"https:\/\/blog.espol.edu.ec\/geliestar\/wp-json\/wp\/v2\/types\/post"}],"author":[{"embeddable":true,"href":"https:\/\/blog.espol.edu.ec\/geliestar\/wp-json\/wp\/v2\/users\/4618"}],"replies":[{"embeddable":true,"href":"https:\/\/blog.espol.edu.ec\/geliestar\/wp-json\/wp\/v2\/comments?post=91"}],"version-history":[{"count":9,"href":"https:\/\/blog.espol.edu.ec\/geliestar\/wp-json\/wp\/v2\/posts\/91\/revisions"}],"predecessor-version":[{"id":103,"href":"https:\/\/blog.espol.edu.ec\/geliestar\/wp-json\/wp\/v2\/posts\/91\/revisions\/103"}],"wp:attachment":[{"href":"https:\/\/blog.espol.edu.ec\/geliestar\/wp-json\/wp\/v2\/media?parent=91"}],"wp:term":[{"taxonomy":"category","embeddable":true,"href":"https:\/\/blog.espol.edu.ec\/geliestar\/wp-json\/wp\/v2\/categories?post=91"},{"taxonomy":"post_tag","embeddable":true,"href":"https:\/\/blog.espol.edu.ec\/geliestar\/wp-json\/wp\/v2\/tags?post=91"}],"curies":[{"name":"wp","href":"https:\/\/api.w.org\/{rel}","templated":true}]}}