{"id":177,"date":"2015-11-10T19:40:28","date_gmt":"2015-11-10T19:40:28","guid":{"rendered":"http:\/\/blog.espol.edu.ec\/giscacri\/?p=177"},"modified":"2015-11-10T19:46:28","modified_gmt":"2015-11-10T19:46:28","slug":"pinas-tiene-un-digno-representante-en-ett4","status":"publish","type":"post","link":"https:\/\/blog.espol.edu.ec\/giscacri\/2015\/11\/10\/pinas-tiene-un-digno-representante-en-ett4\/","title":{"rendered":"Pi\u00f1as tiene un digno representante en ETT4"},"content":{"rendered":"<p><a href=\"http:\/\/blog.espol.edu.ec\/giscacri\/files\/2015\/11\/12227576_1061566803888206_4241830461683132233_n.jpg\"><img loading=\"lazy\" decoding=\"async\" class=\"wp-image-180 alignnone\" src=\"http:\/\/blog.espol.edu.ec\/giscacri\/files\/2015\/11\/12227576_1061566803888206_4241830461683132233_n-300x300.jpg\" alt=\"12227576_1061566803888206_4241830461683132233_n\" width=\"241\" height=\"241\" srcset=\"https:\/\/blog.espol.edu.ec\/giscacri\/files\/2015\/11\/12227576_1061566803888206_4241830461683132233_n-300x300.jpg 300w, https:\/\/blog.espol.edu.ec\/giscacri\/files\/2015\/11\/12227576_1061566803888206_4241830461683132233_n-150x150.jpg 150w, https:\/\/blog.espol.edu.ec\/giscacri\/files\/2015\/11\/12227576_1061566803888206_4241830461683132233_n.jpg 960w\" sizes=\"auto, (max-width: 241px) 100vw, 241px\" \/><img loading=\"lazy\" decoding=\"async\" class=\"wp-image-182 alignright\" src=\"http:\/\/blog.espol.edu.ec\/giscacri\/files\/2015\/11\/12195754_922811574434535_5791471713639163615_n-300x225.jpg\" alt=\"12195754_922811574434535_5791471713639163615_n\" width=\"318\" height=\"238\" srcset=\"https:\/\/blog.espol.edu.ec\/giscacri\/files\/2015\/11\/12195754_922811574434535_5791471713639163615_n-300x225.jpg 300w, https:\/\/blog.espol.edu.ec\/giscacri\/files\/2015\/11\/12195754_922811574434535_5791471713639163615_n.jpg 960w\" sizes=\"auto, (max-width: 318px) 100vw, 318px\" \/><\/a><\/p>\n<p style=\"text-align: justify\">Nadie nos podemos olvidar de la hermosa m\u00fasica que interpretada el ruise\u00f1or de Am\u00e9rica, el inmortal, Julio Jaramillo Laurido, ahora Pi\u00f1as,<strong> La Orqu\u00eddea de Los Andes<\/strong> y este rinc\u00f3n orense, tiene una gran oportunidad para brindarle el apoyo y hacerlo ganar a Patricio Ram\u00edrez Salinas, quien canta las canciones de JJ y clasific\u00f3 para la etapa final<span class=\"text_exposed_show\">\u00a0en Ecuador Tiene Talento de ECUAVISA, por lo que los invitamos a todos nuestros lectores y amigos\u00a0a apoyar este gran talento pi\u00f1asciense.<br \/>\nJorge Patricio Ram\u00edrez, es un hijo de Pi\u00f1as que desde su infancia viene interpretando la m\u00fasica de Julio Jaramillo, con el apoyo de su se\u00f1ora madre, esposa y familia, es una persona muy trabajadora, tranquila y proviene de un hogar humilde, es de escasos recursos econ\u00f3micos, pero con su esfuerzo est\u00e1 saliendo adelante, porque ha hecho presentaciones en distintos lugares orenses y del pa\u00eds, donde ha sido muy aplaudido.<br \/>\nPoblaci\u00f3n de Pi\u00f1as, de la provincia de El Oro y pa\u00eds entero, apoyemos esta vez a este talento art\u00edstico de Pi\u00f1as, La Orqu\u00eddea de Los Andes, al \u00e9mulo de Julio Jaramillo, Patricio Ram\u00edrez<\/span><\/p>\n<p>&nbsp;<\/p>\n<p><img loading=\"lazy\" decoding=\"async\" class=\"wp-image-181 aligncenter\" src=\"http:\/\/blog.espol.edu.ec\/giscacri\/files\/2015\/11\/12235121_1061566900554863_4306300884474270042_n-300x169.jpg\" alt=\"12235121_1061566900554863_4306300884474270042_n\" width=\"460\" height=\"259\" srcset=\"https:\/\/blog.espol.edu.ec\/giscacri\/files\/2015\/11\/12235121_1061566900554863_4306300884474270042_n-300x169.jpg 300w, https:\/\/blog.espol.edu.ec\/giscacri\/files\/2015\/11\/12235121_1061566900554863_4306300884474270042_n.jpg 960w\" sizes=\"auto, (max-width: 460px) 100vw, 460px\" \/><\/p>\n<p>&nbsp;<\/p>\n","protected":false},"excerpt":{"rendered":"<p>Nadie nos podemos olvidar de la hermosa m\u00fasica que interpretada el ruise\u00f1or de Am\u00e9rica, el inmortal, Julio Jaramillo Laurido, ahora Pi\u00f1as, La Orqu\u00eddea de Los Andes y este rinc\u00f3n orense, tiene una gran oportunidad para brindarle el apoyo y hacerlo ganar a Patricio Ram\u00edrez Salinas, quien canta las canciones de JJ y clasific\u00f3 para la &hellip; <\/p>\n<p><a class=\"more-link btn\" href=\"https:\/\/blog.espol.edu.ec\/giscacri\/2015\/11\/10\/pinas-tiene-un-digno-representante-en-ett4\/\">Seguir leyendo<\/a><\/p>\n","protected":false},"author":9958,"featured_media":0,"comment_status":"open","ping_status":"open","sticky":false,"template":"","format":"standard","meta":{"footnotes":""},"categories":[818],"tags":[],"class_list":["post-177","post","type-post","status-publish","format-standard","hentry","category-sin-categoria","nodate","item-wrap"],"_links":{"self":[{"href":"https:\/\/blog.espol.edu.ec\/giscacri\/wp-json\/wp\/v2\/posts\/177","targetHints":{"allow":["GET"]}}],"collection":[{"href":"https:\/\/blog.espol.edu.ec\/giscacri\/wp-json\/wp\/v2\/posts"}],"about":[{"href":"https:\/\/blog.espol.edu.ec\/giscacri\/wp-json\/wp\/v2\/types\/post"}],"author":[{"embeddable":true,"href":"https:\/\/blog.espol.edu.ec\/giscacri\/wp-json\/wp\/v2\/users\/9958"}],"replies":[{"embeddable":true,"href":"https:\/\/blog.espol.edu.ec\/giscacri\/wp-json\/wp\/v2\/comments?post=177"}],"version-history":[{"count":4,"href":"https:\/\/blog.espol.edu.ec\/giscacri\/wp-json\/wp\/v2\/posts\/177\/revisions"}],"predecessor-version":[{"id":186,"href":"https:\/\/blog.espol.edu.ec\/giscacri\/wp-json\/wp\/v2\/posts\/177\/revisions\/186"}],"wp:attachment":[{"href":"https:\/\/blog.espol.edu.ec\/giscacri\/wp-json\/wp\/v2\/media?parent=177"}],"wp:term":[{"taxonomy":"category","embeddable":true,"href":"https:\/\/blog.espol.edu.ec\/giscacri\/wp-json\/wp\/v2\/categories?post=177"},{"taxonomy":"post_tag","embeddable":true,"href":"https:\/\/blog.espol.edu.ec\/giscacri\/wp-json\/wp\/v2\/tags?post=177"}],"curies":[{"name":"wp","href":"https:\/\/api.w.org\/{rel}","templated":true}]}}