{"id":73,"date":"2015-11-09T18:42:29","date_gmt":"2015-11-09T18:42:29","guid":{"rendered":"http:\/\/blog.espol.edu.ec\/giscacri\/?p=73"},"modified":"2015-11-09T19:24:15","modified_gmt":"2015-11-09T19:24:15","slug":"pinas-se-prepara-para-celebrar-sus-bodas-de-diamante","status":"publish","type":"post","link":"https:\/\/blog.espol.edu.ec\/giscacri\/2015\/11\/09\/pinas-se-prepara-para-celebrar-sus-bodas-de-diamante\/","title":{"rendered":"Pi\u00f1as se prepara para celebrar sus Bodas de Diamante"},"content":{"rendered":"<p><a href=\"http:\/\/blog.espol.edu.ec\/giscacri\/files\/2015\/11\/15_pregon-3.jpg\"><img loading=\"lazy\" decoding=\"async\" class=\"size-medium wp-image-101 alignleft\" src=\"http:\/\/blog.espol.edu.ec\/giscacri\/files\/2015\/11\/15_pregon-3-300x199.jpg\" alt=\"15_pregon 3\" width=\"300\" height=\"199\" srcset=\"https:\/\/blog.espol.edu.ec\/giscacri\/files\/2015\/11\/15_pregon-3-300x199.jpg 300w, https:\/\/blog.espol.edu.ec\/giscacri\/files\/2015\/11\/15_pregon-3.jpg 800w\" sizes=\"auto, (max-width: 300px) 100vw, 300px\" \/><\/a>El Gobierno Municipal de Pi\u00f1as dirigido por el Sr. Jaime Granda Romero, gracias al apoyo de diferentes instituciones y personas que aman a Pi\u00f1as, ultiman detalles para la conmemoraci\u00f3n del Septuag\u00e9simo Quinto Aniversario de cantonizaci\u00f3n \u201cBodas de Brillante\u201d, cuyos eventos municipales inician este s\u00e1bado 17 de octubre y culminan el 8 de noviembre, con una gran variedad de programaci\u00f3n de tipo social, cultural, religiosa, c\u00edvica, art\u00edstica, deportiva y de otra \u00edndole que denotan a Pi\u00f1as como un cant\u00f3n diverso.<\/p>\n<p>Los eventos que est\u00e1n bajo la responsabilidad del GADM Pi\u00f1as y su Comit\u00e9 Ejecutivo de Festejos, son los siguientes:<!--more--><\/p>\n<p><strong><u>S\u00e1bado 17 de octubre<\/u><\/strong><strong>:<\/strong> Preg\u00f3n de Apertura<\/p>\n<p>10H00: Desfile Folcl\u00f3rico-Cultural, concurso de carros aleg\u00f3ricos y de comparsas<\/p>\n<p>Inicia:\u00a0\u00a0 Calle Sucre a la altura de la piscina municipal y culmina en la Av. Independencia,<\/p>\n<p>\u201cY\u201d del Recinto Ferial.<\/p>\n<p>20H00: Gran Show art\u00edstico, en el coliseo del Colegio \u201cOcho de Noviembre\u201d<\/p>\n<p>Con la intervenci\u00f3n del Grupo Valladares, Orquesta D\u2019 Franklin Band, Kerly Mart\u00ednez, Gustavo Vel\u00e1squez y Grupo Sahiro; as\u00ed mismo atractivas luces artificiales.<\/p>\n<p>Evento totalmente gratuito, sonido y luces garantizados.<\/p>\n<p><strong><u>S\u00e1bado 24 de octubre<\/u><\/strong><strong>: <\/strong>Elecci\u00f3n de la Reina de las Parroquias<\/p>\n<p>20H00: Coliseo del Colegio de Bachillerato \u201cOcho de Noviembre\u201d<\/p>\n<p>Con la intervenci\u00f3n musical de Azucena Aimara y su hijo Marlon Juli\u00e1n,<\/p>\n<p>Grupo B\u00facaros, un artista pi\u00f1asiense y profesional, sonido, luces y escenario.<\/p>\n<p>El costo de las entradas es de: $ 8.00 silla numerada y $ 5.00 entrada general.<\/p>\n<p>Es propicia la ocasi\u00f3n para dar a conocer que el evento Reina de Pi\u00f1as que estaba previsto para el s\u00e1bado 31 de octubre se lo traslada al domingo 1 de noviembre por varias razones entre ellas el feriado nacional y, por ende se modifica la agenda de eventos, es as\u00ed que el programa \u201cFestival Talento Pi\u00f1asiense\u201d se efectuar\u00e1 el 31 de octubre y el \u201cBaile de las Debutantes\u201d se efectuar\u00e1 el 2 de noviembre.<\/p>\n<p><strong>Domingo 1 de noviembre:<\/strong> Elecci\u00f3n Reina de Pi\u00f1as y Reina de las Bodas de Brillante<\/p>\n<p>20H00: Coliseo del Colegio de Bachillerato Ocho de Noviembre<\/p>\n<p>Mediante un cover de m\u00fasica de nuestra tierra, se rendir\u00e1 homenaje al cant\u00f3n mediante la integraci\u00f3n de 12 artistas pi\u00f1asienses; adem\u00e1s, la intervenci\u00f3n art\u00edstica de los Hnos. N\u00fa\u00f1ez y directamente desde Chile, el cantante m\u00e1s aclamado del momento \u201cAm\u00e9rico\u201d con orquesta y coros.<\/p>\n<p>El cost de las entradas se ha establecido en: $40.00 silla vip, $ 30.00 silla vip posterior y $ 15.00 general.<\/p>\n<p><strong><u>S\u00e1bado 7 de Noviembre<\/u><\/strong>: \u00a0y Noche cultural<\/p>\n<p>19h00:\u00a0 Misa de acci\u00f3n de gracias en la iglesia matriz<\/p>\n<p>20h00:\u00a0 Noche cultural-art\u00edstica en el parque central, fuegos pirot\u00e9cnicos y la quema de un espectacular castillo.<\/p>\n<p><strong>Domingo 8 de noviembre: <\/strong>Desfile C\u00edvico-Militar y Sesi\u00f3n Solemne<\/p>\n<p>09H00: Desfile por las diferentes avenidas y calles de la ciudad<\/p>\n<p>12H30: Sesi\u00f3n Solemne en el Sal\u00f3n de la Ciudad \u201cHaraldo Gallardo A\u00f1azco\u201d<\/p>\n<p>Estos actos festivos a cargo de la entidad municipal y todo evento organizado por las distintas instituciones y comunidades barriales, se llevan a cabo desde inicios de octubre, y se incluir\u00e1n en el programa general de festividades que se distribuir\u00e1 por toda la ciudad en pr\u00f3ximos d\u00edas, para que usted tenga conocimiento y pueda acudir en familia a disfrutar de la diversidad cultural de nuestra tierra, para as\u00ed juntos celebrar los 75 a\u00f1os de cantonizaci\u00f3n de la progresista y hospitalaria Orqu\u00eddea de Los Andes.<\/p>\n<p>Conciudadanos, contribuyamos cuidando los espacios p\u00fablicos, participemos de esta magna celebraci\u00f3n, demostremos nuestra amabilidad al turista; engalanemos y embanderemos nuestros hogares e instituciones desde este s\u00e1bado 17 de octubre.\u00a0 El GAD Municipal los invita a departir sanamente, con respeto y mesura; y, vivamos una fiesta digna del noble pueblo de Pi\u00f1as y de todos quienes nos visitan.<\/p>\n<p>&nbsp;<\/p>\n","protected":false},"excerpt":{"rendered":"<p>El Gobierno Municipal de Pi\u00f1as dirigido por el Sr. Jaime Granda Romero, gracias al apoyo de diferentes instituciones y personas que aman a Pi\u00f1as, ultiman detalles para la conmemoraci\u00f3n del Septuag\u00e9simo Quinto Aniversario de cantonizaci\u00f3n \u201cBodas de Brillante\u201d, cuyos eventos municipales inician este s\u00e1bado 17 de octubre y culminan el 8 de noviembre, con una &hellip; <\/p>\n<p><a class=\"more-link btn\" href=\"https:\/\/blog.espol.edu.ec\/giscacri\/2015\/11\/09\/pinas-se-prepara-para-celebrar-sus-bodas-de-diamante\/\">Seguir leyendo<\/a><\/p>\n","protected":false},"author":9958,"featured_media":0,"comment_status":"open","ping_status":"open","sticky":false,"template":"","format":"standard","meta":{"footnotes":""},"categories":[818],"tags":[],"class_list":["post-73","post","type-post","status-publish","format-standard","hentry","category-sin-categoria","nodate","item-wrap"],"_links":{"self":[{"href":"https:\/\/blog.espol.edu.ec\/giscacri\/wp-json\/wp\/v2\/posts\/73","targetHints":{"allow":["GET"]}}],"collection":[{"href":"https:\/\/blog.espol.edu.ec\/giscacri\/wp-json\/wp\/v2\/posts"}],"about":[{"href":"https:\/\/blog.espol.edu.ec\/giscacri\/wp-json\/wp\/v2\/types\/post"}],"author":[{"embeddable":true,"href":"https:\/\/blog.espol.edu.ec\/giscacri\/wp-json\/wp\/v2\/users\/9958"}],"replies":[{"embeddable":true,"href":"https:\/\/blog.espol.edu.ec\/giscacri\/wp-json\/wp\/v2\/comments?post=73"}],"version-history":[{"count":3,"href":"https:\/\/blog.espol.edu.ec\/giscacri\/wp-json\/wp\/v2\/posts\/73\/revisions"}],"predecessor-version":[{"id":102,"href":"https:\/\/blog.espol.edu.ec\/giscacri\/wp-json\/wp\/v2\/posts\/73\/revisions\/102"}],"wp:attachment":[{"href":"https:\/\/blog.espol.edu.ec\/giscacri\/wp-json\/wp\/v2\/media?parent=73"}],"wp:term":[{"taxonomy":"category","embeddable":true,"href":"https:\/\/blog.espol.edu.ec\/giscacri\/wp-json\/wp\/v2\/categories?post=73"},{"taxonomy":"post_tag","embeddable":true,"href":"https:\/\/blog.espol.edu.ec\/giscacri\/wp-json\/wp\/v2\/tags?post=73"}],"curies":[{"name":"wp","href":"https:\/\/api.w.org\/{rel}","templated":true}]}}