{"id":75,"date":"2015-11-09T18:44:03","date_gmt":"2015-11-09T18:44:03","guid":{"rendered":"http:\/\/blog.espol.edu.ec\/giscacri\/?p=75"},"modified":"2015-11-09T19:18:51","modified_gmt":"2015-11-09T19:18:51","slug":"develizamiento-de-letras-del-canton-pinas","status":"publish","type":"post","link":"https:\/\/blog.espol.edu.ec\/giscacri\/2015\/11\/09\/develizamiento-de-letras-del-canton-pinas\/","title":{"rendered":"Develizamiento de letras del cant\u00f3n Pi\u00f1as"},"content":{"rendered":"<p><a href=\"http:\/\/blog.espol.edu.ec\/giscacri\/files\/2015\/11\/12088191_959774217421498_4084811873445979337_n.jpg\"><img loading=\"lazy\" decoding=\"async\" class=\"size-medium wp-image-98 alignleft\" src=\"http:\/\/blog.espol.edu.ec\/giscacri\/files\/2015\/11\/12088191_959774217421498_4084811873445979337_n-300x300.jpg\" alt=\"12088191_959774217421498_4084811873445979337_n\" width=\"300\" height=\"300\" srcset=\"https:\/\/blog.espol.edu.ec\/giscacri\/files\/2015\/11\/12088191_959774217421498_4084811873445979337_n-300x300.jpg 300w, https:\/\/blog.espol.edu.ec\/giscacri\/files\/2015\/11\/12088191_959774217421498_4084811873445979337_n-150x150.jpg 150w, https:\/\/blog.espol.edu.ec\/giscacri\/files\/2015\/11\/12088191_959774217421498_4084811873445979337_n.jpg 720w\" sizes=\"auto, (max-width: 300px) 100vw, 300px\" \/><\/a>El Gobierno Municipal de Pi\u00f1as y Alejandra Torres Pont\u00f3n \u2013 Reina del cant\u00f3n, extienden la cordial <strong>INVITACION <\/strong>a \u00a0la colectividad en general, al <strong>Develizamiento de un monumental y tur\u00edstico recuerdo insigne para Pi\u00f1as<\/strong>, mismo que se constituir\u00e1 en un atractivo para propios y visitantes, que adem\u00e1s resaltar\u00e1 nuestra diversidad.<\/p>\n<p>El evento tendr\u00e1 lugar este viernes 16 de octubre, en el parque Central, \u00a0a partir de las 20h00.<\/p>\n<p>Vuestra presencia culta comunidad, dar\u00e1 mayor realce al programa<\/p>\n<p>&nbsp;<\/p>\n","protected":false},"excerpt":{"rendered":"<p>El Gobierno Municipal de Pi\u00f1as y Alejandra Torres Pont\u00f3n \u2013 Reina del cant\u00f3n, extienden la cordial INVITACION a \u00a0la colectividad en general, al Develizamiento de un monumental y tur\u00edstico recuerdo insigne para Pi\u00f1as, mismo que se constituir\u00e1 en un atractivo para propios y visitantes, que adem\u00e1s resaltar\u00e1 nuestra diversidad. El evento tendr\u00e1 lugar este viernes &hellip; <\/p>\n<p><a class=\"more-link btn\" href=\"https:\/\/blog.espol.edu.ec\/giscacri\/2015\/11\/09\/develizamiento-de-letras-del-canton-pinas\/\">Seguir leyendo<\/a><\/p>\n","protected":false},"author":9958,"featured_media":0,"comment_status":"open","ping_status":"open","sticky":false,"template":"","format":"standard","meta":{"footnotes":""},"categories":[818],"tags":[],"class_list":["post-75","post","type-post","status-publish","format-standard","hentry","category-sin-categoria","nodate","item-wrap"],"_links":{"self":[{"href":"https:\/\/blog.espol.edu.ec\/giscacri\/wp-json\/wp\/v2\/posts\/75","targetHints":{"allow":["GET"]}}],"collection":[{"href":"https:\/\/blog.espol.edu.ec\/giscacri\/wp-json\/wp\/v2\/posts"}],"about":[{"href":"https:\/\/blog.espol.edu.ec\/giscacri\/wp-json\/wp\/v2\/types\/post"}],"author":[{"embeddable":true,"href":"https:\/\/blog.espol.edu.ec\/giscacri\/wp-json\/wp\/v2\/users\/9958"}],"replies":[{"embeddable":true,"href":"https:\/\/blog.espol.edu.ec\/giscacri\/wp-json\/wp\/v2\/comments?post=75"}],"version-history":[{"count":2,"href":"https:\/\/blog.espol.edu.ec\/giscacri\/wp-json\/wp\/v2\/posts\/75\/revisions"}],"predecessor-version":[{"id":99,"href":"https:\/\/blog.espol.edu.ec\/giscacri\/wp-json\/wp\/v2\/posts\/75\/revisions\/99"}],"wp:attachment":[{"href":"https:\/\/blog.espol.edu.ec\/giscacri\/wp-json\/wp\/v2\/media?parent=75"}],"wp:term":[{"taxonomy":"category","embeddable":true,"href":"https:\/\/blog.espol.edu.ec\/giscacri\/wp-json\/wp\/v2\/categories?post=75"},{"taxonomy":"post_tag","embeddable":true,"href":"https:\/\/blog.espol.edu.ec\/giscacri\/wp-json\/wp\/v2\/tags?post=75"}],"curies":[{"name":"wp","href":"https:\/\/api.w.org\/{rel}","templated":true}]}}