{"id":77,"date":"2015-11-09T18:46:26","date_gmt":"2015-11-09T18:46:26","guid":{"rendered":"http:\/\/blog.espol.edu.ec\/giscacri\/?p=77"},"modified":"2015-11-09T19:12:51","modified_gmt":"2015-11-09T19:12:51","slug":"con-algarabia-musica-y-baile-iniciaron-las-fiestas-de-pinas-2015","status":"publish","type":"post","link":"https:\/\/blog.espol.edu.ec\/giscacri\/2015\/11\/09\/con-algarabia-musica-y-baile-iniciaron-las-fiestas-de-pinas-2015\/","title":{"rendered":"Con algarab\u00eda, m\u00fasica y baile iniciaron las Fiestas de Pi\u00f1as 2015"},"content":{"rendered":"<p><a href=\"http:\/\/blog.espol.edu.ec\/giscacri\/files\/2015\/11\/12065785_755501031223316_3355444393390645675_n.jpg\"><img loading=\"lazy\" decoding=\"async\" class=\"size-medium wp-image-96 alignleft\" src=\"http:\/\/blog.espol.edu.ec\/giscacri\/files\/2015\/11\/12065785_755501031223316_3355444393390645675_n-300x287.jpg\" alt=\"12065785_755501031223316_3355444393390645675_n\" width=\"300\" height=\"287\" srcset=\"https:\/\/blog.espol.edu.ec\/giscacri\/files\/2015\/11\/12065785_755501031223316_3355444393390645675_n-300x287.jpg 300w, https:\/\/blog.espol.edu.ec\/giscacri\/files\/2015\/11\/12065785_755501031223316_3355444393390645675_n.jpg 424w\" sizes=\"auto, (max-width: 300px) 100vw, 300px\" \/><\/a>El Gobierno Municipal de Pi\u00f1as liderado por el Sr. Jaime Granda Romero, el s\u00e1bado 17 de octubre del presente a\u00f1o, realiz\u00f3 la apertura las Festividades de Pi\u00f1as por el Septuag\u00e9simo Quinto Aniversario de cantonizaci\u00f3n \u201cBodas de Brillante\u201d, con el Desfile Folcl\u00f3rico Cultural y el evento art\u00edstico.<\/p>\n<p>La hermosa Orqu\u00eddea de Los Andes celebra los 75 a\u00f1os de cantonizaci\u00f3n, tal y como estaba previsto el s\u00e1bado 17 de octubre a las 10h00 inici\u00f3 el Desfile Folcl\u00f3rico-cultural denominado \u201cSomos Diversidad\u201d desde la calle Sucre (altura de la Piscina Municipal) encabezado por el Alcalde de Pi\u00f1as, Vicealcaldesa, Concejales y dem\u00e1s autoridades del cant\u00f3n, llegando a la tarima principal ubicada en la Av. Independencia \u201cY\u201d del Recinto Ferial.<!--more--><\/p>\n<p>Con la masiva presencia de pi\u00f1asienses y turistas que estaban apostados a lo largo de las calles de la ciudad y en los edificios aleda\u00f1os, elogiando con aplausos y barras a m\u00e1s de 35 instituciones p\u00fablicas y privadas que participaron con comparsas, carros aleg\u00f3ricos y dem\u00e1s pre4sentaciones tradicionales propias de nuestra tierra, se resalt\u00f3 las costumbres de nuestros pueblos. \u00a0El Gobierno Municipal de Pi\u00f1as organiz\u00f3 el concurso de Comparsas y Carros Aleg\u00f3ricos teniendo la gran acogida de las instituciones, los puntos de exhibici\u00f3n se establecieron en dos lugares: un jurado calificador en la calle Sucre (bajos del Parque Central) y los dos restantes en la llegada, Av. Independencia \u201cY\u201d del Recinto Ferial, conformado de la siguiente manera:<\/p>\n<p>\u00d8\u00a0 Dra Ruth Boas de Zambrano<\/p>\n<p>\u00d8\u00a0 Lic. Guillermo Rogel<\/p>\n<p>\u00d8\u00a0 Ing. Alejandra Jara Montoya<\/p>\n<p>Quienes dieron el veredicto final, resultando triunfadoras las siguientes entidades:<\/p>\n<p><strong>Comparsas:<\/strong><\/p>\n<p>Primer Lugar: \u00a0\u00a0\u00a0\u00a0Barrio San Jacinto<\/p>\n<p>Segundo Lugar: Escuela de Educaci\u00f3n B\u00e1sica Crist\u00f3bal Colon<\/p>\n<p>Tercer Lugar: \u00a0\u00a0\u00a0\u00a0GAD Parroquial de Capiro<\/p>\n<p><strong>Carros Aleg\u00f3ricos:<\/strong><\/p>\n<ol>\n<li>Comuna Piedra Blanca<\/li>\n<li>GAD Parroquial de Capiro<\/li>\n<li>Sitio El Guayabal<\/li>\n<\/ol>\n<p>Los incentivos econ\u00f3micos por su participaci\u00f3n ser\u00e1n entregados el lunes 26 de octubre del a\u00f1o en curso en la Municipalidad de Pi\u00f1as.<\/p>\n<p>En la noche se vivi\u00f3 el gran show art\u00edstico, que inici\u00f3 a las 20h00 en punto con la participaci\u00f3n de la Orquesta D\u2019 Franklin Band mientras el p\u00fablico colmaba el coliseo del Colegio Ocho de Noviembre.\u00a0 Prosigui\u00f3 la intervenci\u00f3n del \u201cGrupo Valladares\u201d quienes entonaron la m\u00fasica nacional, el saludo fraterno y cari\u00f1oso a quienes nos acompa\u00f1aban en la noche estuvo a cargo del Sr. Jaime Granda Romero \u2013 Alcalde del cant\u00f3n, para luego dar paso a la excelente presentaci\u00f3n de Kerly Mart\u00ednez Ram\u00edrez, con un show \u00fanico y din\u00e1mico; as\u00ed mismo se cont\u00f3 con la participaci\u00f3n del Grupo \u201cSahiro\u201d, ante un coliseo totalmente lleno, todos hicieron corear y aplaudir al p\u00fablico, con sus temas del recuerdo, evento que culmin\u00f3 con la intervenci\u00f3n de una de las mejores orquestas del pa\u00eds \u201cD\u2019 Franklin Band\u201d, poniendo a bailar a los presentes con su variado repertorio musical.<\/p>\n<p>Vivimos nuestras fiestas de cantonizaci\u00f3n con respeto, amabilidad y altura, caracter\u00edsticas propias de los pi\u00f1asienses, por lo que extendemos nuestro sincero agradecimiento a las diferentes instituciones p\u00fablicas y privadas que se suman todos los d\u00edas para rendir homenaje a este lib\u00e9rrimo cant\u00f3n Pi\u00f1as que vive sus fiestas de cantonizaci\u00f3n 2015 \u201cBodas de Brillante\u201d; a la vez, extendemos la cordial invitaci\u00f3n a propios y visitantes a formar parte de la diferente programaci\u00f3n que continuar\u00e1 desarroll\u00e1ndose hasta el 8 de noviembre.<\/p>\n","protected":false},"excerpt":{"rendered":"<p>El Gobierno Municipal de Pi\u00f1as liderado por el Sr. Jaime Granda Romero, el s\u00e1bado 17 de octubre del presente a\u00f1o, realiz\u00f3 la apertura las Festividades de Pi\u00f1as por el Septuag\u00e9simo Quinto Aniversario de cantonizaci\u00f3n \u201cBodas de Brillante\u201d, con el Desfile Folcl\u00f3rico Cultural y el evento art\u00edstico. La hermosa Orqu\u00eddea de Los Andes celebra los 75 &hellip; <\/p>\n<p><a class=\"more-link btn\" href=\"https:\/\/blog.espol.edu.ec\/giscacri\/2015\/11\/09\/con-algarabia-musica-y-baile-iniciaron-las-fiestas-de-pinas-2015\/\">Seguir leyendo<\/a><\/p>\n","protected":false},"author":9958,"featured_media":0,"comment_status":"open","ping_status":"open","sticky":false,"template":"","format":"standard","meta":{"footnotes":""},"categories":[818],"tags":[],"class_list":["post-77","post","type-post","status-publish","format-standard","hentry","category-sin-categoria","nodate","item-wrap"],"_links":{"self":[{"href":"https:\/\/blog.espol.edu.ec\/giscacri\/wp-json\/wp\/v2\/posts\/77","targetHints":{"allow":["GET"]}}],"collection":[{"href":"https:\/\/blog.espol.edu.ec\/giscacri\/wp-json\/wp\/v2\/posts"}],"about":[{"href":"https:\/\/blog.espol.edu.ec\/giscacri\/wp-json\/wp\/v2\/types\/post"}],"author":[{"embeddable":true,"href":"https:\/\/blog.espol.edu.ec\/giscacri\/wp-json\/wp\/v2\/users\/9958"}],"replies":[{"embeddable":true,"href":"https:\/\/blog.espol.edu.ec\/giscacri\/wp-json\/wp\/v2\/comments?post=77"}],"version-history":[{"count":3,"href":"https:\/\/blog.espol.edu.ec\/giscacri\/wp-json\/wp\/v2\/posts\/77\/revisions"}],"predecessor-version":[{"id":97,"href":"https:\/\/blog.espol.edu.ec\/giscacri\/wp-json\/wp\/v2\/posts\/77\/revisions\/97"}],"wp:attachment":[{"href":"https:\/\/blog.espol.edu.ec\/giscacri\/wp-json\/wp\/v2\/media?parent=77"}],"wp:term":[{"taxonomy":"category","embeddable":true,"href":"https:\/\/blog.espol.edu.ec\/giscacri\/wp-json\/wp\/v2\/categories?post=77"},{"taxonomy":"post_tag","embeddable":true,"href":"https:\/\/blog.espol.edu.ec\/giscacri\/wp-json\/wp\/v2\/tags?post=77"}],"curies":[{"name":"wp","href":"https:\/\/api.w.org\/{rel}","templated":true}]}}